{"id":6329,"date":"2009-07-23T17:35:44","date_gmt":"2009-07-23T21:35:44","guid":{"rendered":"http:\/\/www.redenoticia.com.br\/noticia\/?p=6329"},"modified":"2009-07-23T17:35:44","modified_gmt":"2009-07-23T21:35:44","slug":"mais-de-40-mil-empresas-podem-ser-extintas-em-rondonia","status":"publish","type":"post","link":"https:\/\/migracao.redenoticia.com.br\/noticia\/2009\/mais-de-40-mil-empresas-podem-ser-extintas-em-rondonia\/6329","title":{"rendered":"Mais de 40 mil empresas podem ser extintas em Rond\u00f4nia"},"content":{"rendered":"<p>A Junta Comercial de Rond\u00f4nia (Jucer) publicou no Di\u00e1rio Oficial do \u00faltimo dia 7 de julho, edital de notifica\u00e7\u00e3o de 41.402 (quarenta e um mil, quatrocentos e duas) empresas a serem canceladas em todo o Estado.<\/p>\n<p>O motivo do cancelamento est\u00e1 disposto na Lei Federal n\u00ba 8934\/94, que \u00e9 clara ao afirmar que a a Firma Individual ou a Sociedade que n\u00e3o proceder a qualquer arquivamento no per\u00edodo de dez anos consecutivos dever\u00e1 comunicar \u00e0 Junta Comercial que deseja manter-se em funcionamento. Na aus\u00eancia dessa comunica\u00e7\u00e3o a Empresa Mercantil ser\u00e1 considerada inativa, promovendo a Junta Comercial o cancelamento do registro com a perda autom\u00e1tica da prote\u00e7\u00e3o ao nome empresarial.<br \/>\nDe acordo com a vice-presidente e corregedora da Jucer, Ros\u00e2ngela Guedes, as empresas relacionadas ter\u00e3o um prazo de 90 dias, contados da data de publica\u00e7\u00e3o, para \u201cComunica\u00e7\u00e3o de Funcionamento\u201d, \u201cParalisa\u00e7\u00e3o Tempor\u00e1ria de Atividades\u201d ou \u201cAltera\u00e7\u00e3o Contratual\u201d. Os modelos destes formul\u00e1rios est\u00e3o dispon\u00edveis no site da Junta na internet, no endere\u00e7o <a href=\"http:\/\/www.jucer.ro.gov.br\/\">www.jucer.ro.gov.br<\/a><br \/>\nVale ressaltar que, o cancelamento das empresas n\u00e3o implica na extin\u00e7\u00e3o de d\u00e9bitos tribut\u00e1rios, sociais e trabalhistas. \u201c\u00c9 muito importante que as empresas que se encontrem nesta situa\u00e7\u00e3o procuram a Jucer ou alguns de seus Escrit\u00f3rios Regionais espalhados em v\u00e1rios munic\u00edpios do Estado e se certifiquem de todas as condi\u00e7\u00f5es para a regulariza\u00e7\u00e3o e esclarecimento de d\u00favidas\u201d, diz a corregedora.<br \/>\nA rela\u00e7\u00e3o das empresas inativas est\u00e1 dispon\u00edvel no Di\u00e1rio Oficial do Estado n\u00ba 1279, do dia 7 de julho de 2009, no Shopping Cidad\u00e3o, no balc\u00e3o de atendimento da Jucer  e nos Escrit\u00f3rios Regionais.<\/p>\n<p>Fonte: DECOM &#8211; Departamento de Comunica\u00e7\u00e3o Social<\/p>\n","protected":false},"excerpt":{"rendered":"<p>A Junta Comercial de Rond\u00f4nia (Jucer) publicou no Di\u00e1rio Oficial do \u00faltimo dia 7 de julho, edital de notifica\u00e7\u00e3o de 41.402 (quarenta e um mil, quatrocentos e duas) empresas a serem canceladas em todo o Estado. O motivo do cancelamento est\u00e1 disposto na Lei Federal n\u00ba 8934\/94, que \u00e9 clara ao afirmar que a a [&hellip;]<\/p>\n","protected":false},"author":3,"featured_media":0,"comment_status":"open","ping_status":"open","sticky":false,"template":"","format":"standard","meta":{"tdm_status":"","tdm_grid_status":"","footnotes":""},"categories":[22],"tags":[],"class_list":{"0":"post-6329","1":"post","2":"type-post","3":"status-publish","4":"format-standard","6":"category-brasil"},"_links":{"self":[{"href":"https:\/\/migracao.redenoticia.com.br\/noticia\/wp-json\/wp\/v2\/posts\/6329","targetHints":{"allow":["GET"]}}],"collection":[{"href":"https:\/\/migracao.redenoticia.com.br\/noticia\/wp-json\/wp\/v2\/posts"}],"about":[{"href":"https:\/\/migracao.redenoticia.com.br\/noticia\/wp-json\/wp\/v2\/types\/post"}],"author":[{"embeddable":true,"href":"https:\/\/migracao.redenoticia.com.br\/noticia\/wp-json\/wp\/v2\/users\/3"}],"replies":[{"embeddable":true,"href":"https:\/\/migracao.redenoticia.com.br\/noticia\/wp-json\/wp\/v2\/comments?post=6329"}],"version-history":[{"count":0,"href":"https:\/\/migracao.redenoticia.com.br\/noticia\/wp-json\/wp\/v2\/posts\/6329\/revisions"}],"wp:attachment":[{"href":"https:\/\/migracao.redenoticia.com.br\/noticia\/wp-json\/wp\/v2\/media?parent=6329"}],"wp:term":[{"taxonomy":"category","embeddable":true,"href":"https:\/\/migracao.redenoticia.com.br\/noticia\/wp-json\/wp\/v2\/categories?post=6329"},{"taxonomy":"post_tag","embeddable":true,"href":"https:\/\/migracao.redenoticia.com.br\/noticia\/wp-json\/wp\/v2\/tags?post=6329"}],"curies":[{"name":"wp","href":"https:\/\/api.w.org\/{rel}","templated":true}]}}