{"id":6330,"date":"2009-07-23T17:34:37","date_gmt":"2009-07-23T21:34:37","guid":{"rendered":"http:\/\/www.redenoticia.com.br\/noticia\/?p=6330"},"modified":"2009-07-27T02:05:47","modified_gmt":"2009-07-27T02:05:47","slug":"climatempo-frio-chega-ao-sul-da-regiao-norte-nesta-sexta-feira","status":"publish","type":"post","link":"https:\/\/migracao.redenoticia.com.br\/noticia\/2009\/climatempo-frio-chega-ao-sul-da-regiao-norte-nesta-sexta-feira\/6330","title":{"rendered":"Climatempo &#8211; frio chega ao sul da Regi\u00e3o Norte nesta sexta-feira"},"content":{"rendered":"<p>Rio Branco ter\u00e1 frio intenso no s\u00e1bado, prev\u00ea a meteorologia da Climatempo. Julho j\u00e1 \u00e9 \u00e9poca de pouca ou nenhuma chuva em grande parte da Regi\u00e3o Norte do Brasil. O ar fica bastante seco no Tocantins, no centro-sul do Par\u00e1, em Rond\u00f4nia e no Acre. A instabilidade diminui bastante tamb\u00e9m no centro-sul do Amazonas e no norte do Par\u00e1. Mas a partir desta sexta-feira, a situa\u00e7\u00e3o promete mudar com a ocorr\u00eancia do fen\u00f4meno da friagem.<br \/>\nQuando presenciamos o deslocamento de frentes frias pelo Brasil com caracter\u00edsticas continentais, \u00e9 comum que tenhamos a ocorr\u00eancia do fen\u00f4meno da &#8220;friagem&#8221; nas \u00e1reas mais ao sul da Amaz\u00f4nia. As massas de ar polar que acompanham estas frentes frias conseguem avan\u00e7ar pelo Paraguai e pela Bol\u00edvia. E o vento do quadrante sul associado a estas massas polares \u00e9 o respons\u00e1vel pela entrada do ar mais frio polar em Rond\u00f4nia, no Acre e at\u00e9 no sul do Amazonas.<\/p>\n<p>Este fen\u00f4meno \u00e9 mais comum durante os meses de inverno. Mas neste ano de 2009, j\u00e1 foi observado uma forte incurs\u00e3o de ar frio em Rond\u00f4nia e no Acre, durante o m\u00eas de junho. No dia 13, a temperatura caiu para 15,3\u00baC em Rio Branco (AC) &#8211; a menor m\u00ednima do ano, at\u00e9 agora, nesta capital &#8211; e para 14\u00baC em Vilhena, no sul de Rond\u00f4nia.<\/p>\n<p>De acordo com os meteorologistas da Climatempo, essa frente fria que chega a Regi\u00e3o Norte deve provocar chuva e queda de temperatura nestes dois estados. O frio \u00e9 intenso no s\u00e1bado, quando a m\u00ednima deve chegar a 12\u00baC em Rio Branco e a m\u00e1xima n\u00e3o passa de 18\u00b0C. Em Porto Velho, tamb\u00e9m faz frio, m\u00ednima prevista de 16\u00baC em Porto Velho e m\u00e1xima de 23\u00b0C.<\/p>\n<p>Sobre o Grupo Climatempo<\/p>\n<p>O Grupo Climatempo \u00e9 a maior empresa privada de meteorologia do pa\u00eds. Uma holding formada pela Climatempo Consultoria, Ag\u00eancia Climatempo, a TV Climatempo e a CLIMANET (Internet, servi\u00e7os de tecnologia e inform\u00e1tica). Atualmente, o Grupo Climatempo fornece conte\u00fado para os principais portais do pa\u00eds, mais de 50 retransmissoras de televis\u00e3o do Brasil, r\u00e1dios e tem cerca de mil clientes. Os dois principais segmentos atendidos s\u00e3o o de agroneg\u00f3cios e meios de comunica\u00e7\u00e3o. Al\u00e9m destes, fornece conte\u00fado meteorol\u00f3gico estrat\u00e9gico para produtoras, a ind\u00fastria eletroeletr\u00f4nica e t\u00eaxtil, com\u00e9rcio, moda e turismo, constru\u00e7\u00e3o civil, setor de energia, entre outros setores.<\/p>\n<p>O Grupo \u00e9 presidido pelo meteorologista Carlos Magno, um dos primeiros comunicadores da profiss\u00e3o no Pa\u00eds, com mais de 23 anos de carreira, que ajudou a mudar a cultura que o brasileiro tinha sobre a meteorologia. O Grupo Climatempo conta ainda com Ana L\u00facia Frony vice-presidente, Renato Urbinder, s\u00f3cio-diretor (Diretor de Neg\u00f3cios e Projetos Especiais), e os diretores executivos Gilca Palma (Climatempo Meteorologia), Andr\u00e9 Madeira (Ag\u00eancia Climatempo) e o jornalista Paulo Polli (TV Climatempo) no Conselho Consultivo.<\/p>\n","protected":false},"excerpt":{"rendered":"<p>Rio Branco ter\u00e1 frio intenso no s\u00e1bado, prev\u00ea a meteorologia da Climatempo. Julho j\u00e1 \u00e9 \u00e9poca de pouca ou nenhuma chuva em grande parte da Regi\u00e3o Norte do Brasil. O ar fica bastante seco no Tocantins, no centro-sul do Par\u00e1, em Rond\u00f4nia e no Acre. A instabilidade diminui bastante tamb\u00e9m no centro-sul do Amazonas e [&hellip;]<\/p>\n","protected":false},"author":3,"featured_media":0,"comment_status":"open","ping_status":"open","sticky":false,"template":"","format":"standard","meta":{"tdm_status":"","tdm_grid_status":"","footnotes":""},"categories":[22,327],"tags":[],"class_list":{"0":"post-6330","1":"post","2":"type-post","3":"status-publish","4":"format-standard","6":"category-brasil","7":"category-clima"},"_links":{"self":[{"href":"https:\/\/migracao.redenoticia.com.br\/noticia\/wp-json\/wp\/v2\/posts\/6330","targetHints":{"allow":["GET"]}}],"collection":[{"href":"https:\/\/migracao.redenoticia.com.br\/noticia\/wp-json\/wp\/v2\/posts"}],"about":[{"href":"https:\/\/migracao.redenoticia.com.br\/noticia\/wp-json\/wp\/v2\/types\/post"}],"author":[{"embeddable":true,"href":"https:\/\/migracao.redenoticia.com.br\/noticia\/wp-json\/wp\/v2\/users\/3"}],"replies":[{"embeddable":true,"href":"https:\/\/migracao.redenoticia.com.br\/noticia\/wp-json\/wp\/v2\/comments?post=6330"}],"version-history":[{"count":0,"href":"https:\/\/migracao.redenoticia.com.br\/noticia\/wp-json\/wp\/v2\/posts\/6330\/revisions"}],"wp:attachment":[{"href":"https:\/\/migracao.redenoticia.com.br\/noticia\/wp-json\/wp\/v2\/media?parent=6330"}],"wp:term":[{"taxonomy":"category","embeddable":true,"href":"https:\/\/migracao.redenoticia.com.br\/noticia\/wp-json\/wp\/v2\/categories?post=6330"},{"taxonomy":"post_tag","embeddable":true,"href":"https:\/\/migracao.redenoticia.com.br\/noticia\/wp-json\/wp\/v2\/tags?post=6330"}],"curies":[{"name":"wp","href":"https:\/\/api.w.org\/{rel}","templated":true}]}}