{"id":6332,"date":"2009-07-23T17:35:30","date_gmt":"2009-07-23T21:35:30","guid":{"rendered":"http:\/\/www.redenoticia.com.br\/noticia\/?p=6332"},"modified":"2009-07-23T17:36:10","modified_gmt":"2009-07-23T21:36:10","slug":"governo-faz-recomendacao-a-alunos-na-volta-as-aulas","status":"publish","type":"post","link":"https:\/\/migracao.redenoticia.com.br\/noticia\/2009\/governo-faz-recomendacao-a-alunos-na-volta-as-aulas\/6332","title":{"rendered":"INFLUENZA A (H1N1): Governo faz recomenda\u00e7\u00e3o a alunos na volta \u00e0s aulas"},"content":{"rendered":"<p style=\"margin-top: 0cm; margin-right: 0cm; margin-bottom: 0pt; margin-left: 0cm; text-indent: 18pt; line-height: 19px; text-align: justify;\"><span style=\"font-size: 11pt; line-height: 22px; font-family: Arial;\">O Minist\u00e9rio da Sa\u00fade e o Minist\u00e9rio da Educa\u00e7\u00e3o recomendam que os estudantes brasileiros com sintomas de gripe sigam orienta\u00e7\u00f5es m\u00e9dicas e evitem retornar \u00e0s atividades escolares at\u00e9 estarem completamente restabelecidos. A orienta\u00e7\u00e3o tem como objetivo refor\u00e7ar a preven\u00e7\u00e3o contra a nova gripe, evitando assim que alunos infectados contagiem colegas. Professores e diretores de escolas tamb\u00e9m devem ficar atentos e orientar estudantes com sintomas a retornar \u00e0s suas casas.<\/span><\/p>\n<p style=\"margin-top: 0cm; margin-right: 0cm; margin-bottom: 0pt; margin-left: 0cm; line-height: 19px; text-align: justify;\"><span style=\"font-size: 11pt; line-height: 22px; font-family: Calibri;\"> <\/span><\/p>\n<p style=\"margin-top: 0cm; margin-right: 0cm; margin-bottom: 0pt; margin-left: 0cm; text-indent: 18pt; line-height: 19px; text-align: justify;\"><span style=\"font-size: 11pt; line-height: 22px; font-family: Arial;\">Pais e respons\u00e1veis devem levar seus filhos aos postos de sa\u00fade ao consult\u00f3rio m\u00e9dico de confian\u00e7a ao perceberem os primeiros sinais de uma gripe, que s\u00e3o febre repentina, tosse, coriza, dores musculares, nas articula\u00e7\u00f5es e dor de cabe\u00e7a. <\/span><\/p>\n<p style=\"margin-top: 0cm; margin-right: 0cm; margin-bottom: 0pt; margin-left: 0cm; line-height: 19px; text-align: justify;\"><span style=\"font-size: 11pt; line-height: 22px; font-family: Calibri;\"> <\/span><\/p>\n<p style=\"margin-top: 0cm; margin-right: 0cm; margin-bottom: 0pt; margin-left: 0cm; text-indent: 18pt; line-height: 19px; text-align: justify;\"><span style=\"font-size: 11pt; line-height: 22px; font-family: Arial;\">Os sintomas da gripe comum, a sazonal, e a nova gripe, Influenza A (H1N1), s\u00e3o semelhantes, em sua maioria, a doen\u00e7a manifesta-se de forma leve. A grande maioria dos infectados se recupera rapidamente, sem necessidade do uso de medicamento antiviral (fosfato de oseltamivir).<\/span><\/p>\n<p style=\"margin-top: 0cm; margin-right: 0cm; margin-bottom: 0pt; margin-left: 0cm; line-height: 19px; text-align: justify;\"><span style=\"font-size: 11pt; line-height: 22px; font-family: Calibri;\"> <\/span><\/p>\n<p style=\"margin-top: 0cm; margin-right: 0cm; margin-bottom: 0pt; margin-left: 0cm; text-indent: 18pt; line-height: 19px; text-align: justify;\"><span style=\"font-size: 11pt; line-height: 22px; font-family: Arial;\">Eventuais novas recomenda\u00e7\u00f5es, como a possibilidade de adiamento do calend\u00e1rio escolar em alguns estados ainda est\u00e1 em discuss\u00e3o com as secretarias estaduais de sa\u00fade.<\/span><\/p>\n<p style=\"margin-top: 0cm; margin-right: 0cm; margin-bottom: 0pt; margin-left: 0cm; text-indent: 18pt; line-height: 19px; text-align: justify;\"><span style=\"font-size: 11pt; line-height: 22px; font-family: Calibri;\"> <\/span><\/p>\n<p style=\"margin-top: 0cm; margin-right: 0cm; margin-bottom: 0pt; margin-left: 0cm; text-indent: 18pt; line-height: 19px; text-align: justify;\"><strong><span style=\"font-size: 11pt; line-height: 22px; font-family: Arial;\">PREVEN\u00c7\u00c3O<\/span><\/strong><\/p>\n<p style=\"margin-top: 0cm; margin-right: 0cm; margin-bottom: 0pt; margin-left: 0cm; text-indent: 18pt; line-height: 19px; text-align: justify;\"><span style=\"font-size: 11pt; line-height: 22px; font-family: Arial;\">Para prevenir a doen\u00e7a, alguns cuidados b\u00e1sicos de higiene devem ser tomados. \u00c9 importante criar o h\u00e1bito de lavar bem as m\u00e3os com \u00e1gua e sab\u00e3o e evitar tocar os olhos, boca e nariz ap\u00f3s contato com superf\u00edcies. Al\u00e9m disso, n\u00e3o compartilhar objetos de uso pessoal e cobrir a boca e o nariz com len\u00e7o descart\u00e1vel ao tossir ou espirrar.<\/span><\/p>\n","protected":false},"excerpt":{"rendered":"<p>O Minist\u00e9rio da Sa\u00fade e o Minist\u00e9rio da Educa\u00e7\u00e3o recomendam que os estudantes brasileiros com sintomas de gripe sigam orienta\u00e7\u00f5es m\u00e9dicas e evitem retornar \u00e0s atividades escolares at\u00e9 estarem completamente restabelecidos. A orienta\u00e7\u00e3o tem como objetivo refor\u00e7ar a preven\u00e7\u00e3o contra a nova gripe, evitando assim que alunos infectados contagiem colegas. Professores e diretores de escolas [&hellip;]<\/p>\n","protected":false},"author":2,"featured_media":0,"comment_status":"open","ping_status":"open","sticky":false,"template":"","format":"standard","meta":{"tdm_status":"","tdm_grid_status":"","footnotes":""},"categories":[22,5],"tags":[],"class_list":{"0":"post-6332","1":"post","2":"type-post","3":"status-publish","4":"format-standard","6":"category-brasil","7":"category-saude-e-vida"},"_links":{"self":[{"href":"https:\/\/migracao.redenoticia.com.br\/noticia\/wp-json\/wp\/v2\/posts\/6332","targetHints":{"allow":["GET"]}}],"collection":[{"href":"https:\/\/migracao.redenoticia.com.br\/noticia\/wp-json\/wp\/v2\/posts"}],"about":[{"href":"https:\/\/migracao.redenoticia.com.br\/noticia\/wp-json\/wp\/v2\/types\/post"}],"author":[{"embeddable":true,"href":"https:\/\/migracao.redenoticia.com.br\/noticia\/wp-json\/wp\/v2\/users\/2"}],"replies":[{"embeddable":true,"href":"https:\/\/migracao.redenoticia.com.br\/noticia\/wp-json\/wp\/v2\/comments?post=6332"}],"version-history":[{"count":0,"href":"https:\/\/migracao.redenoticia.com.br\/noticia\/wp-json\/wp\/v2\/posts\/6332\/revisions"}],"wp:attachment":[{"href":"https:\/\/migracao.redenoticia.com.br\/noticia\/wp-json\/wp\/v2\/media?parent=6332"}],"wp:term":[{"taxonomy":"category","embeddable":true,"href":"https:\/\/migracao.redenoticia.com.br\/noticia\/wp-json\/wp\/v2\/categories?post=6332"},{"taxonomy":"post_tag","embeddable":true,"href":"https:\/\/migracao.redenoticia.com.br\/noticia\/wp-json\/wp\/v2\/tags?post=6332"}],"curies":[{"name":"wp","href":"https:\/\/api.w.org\/{rel}","templated":true}]}}