{"id":6336,"date":"2009-07-23T17:36:38","date_gmt":"2009-07-23T21:36:38","guid":{"rendered":"http:\/\/www.redenoticia.com.br\/noticia\/?p=6336"},"modified":"2009-07-23T17:36:59","modified_gmt":"2009-07-23T21:36:59","slug":"paciente-com-gripe-suina-em-rondonia-foi-curado-e-recebeu-alta","status":"publish","type":"post","link":"https:\/\/migracao.redenoticia.com.br\/noticia\/2009\/paciente-com-gripe-suina-em-rondonia-foi-curado-e-recebeu-alta\/6336","title":{"rendered":"Paciente com gripe su\u00edna em Rond\u00f4nia foi curado e recebeu alta"},"content":{"rendered":"<p>A Ag\u00eancia de Vigil\u00e2ncia Sanit\u00e1ria em Rond\u00f4nia (Agevisa) divulgou na tarde desta quarta-feira (22), o primeiro caso de gripe su\u00edna registrado oficialmente no Estado. Desde os primeiros casos no Brasil, 08 suspeitas foram registradas em Rond\u00f4nia e apenas uma confirmada. Todos os pacientes, inclusive o caso confirmado, foram curados e receberam alta m\u00e9dica. A propaga\u00e7\u00e3o do v\u00edrus tamb\u00e9m n\u00e3o foi identificada. No momento n\u00e3o h\u00e1 nenhum caso suspeito nem paciente \u00e0 espera de exames.<\/p>\n<p>O paciente de 21 anos que veio do Jap\u00e3o, chegou a Rond\u00f4nia apresentando os sintomas da gripe su\u00edna. Foi atendido pela rede b\u00e1sica e h\u00e1 cerca de 15 dias encaminhado ao Centro de Medicina Tropical de Rond\u00f4nia (Cemetron). O jovem viajou junto com o pai, que tamb\u00e9m apresentou sintomas de gripe, por\u00e9m depois de exames foi constatado que ele n\u00e3o portava a doen\u00e7a.<\/p>\n<p><strong>Divulga\u00e7\u00e3o ap\u00f3s confirma\u00e7\u00e3o com diagn\u00f3stico preciso<\/strong><\/p>\n<p>\u201cNo Cemetron foi feita todos os atendimentos indicados. A coleta de materiais foi feita e encaminhada para o Instituto Adolfo Lutz, em S\u00e3o Paulo, onde foram feitos os exames. O instituto \u00e9 um dos tr\u00eas \u00fanicos laborat\u00f3rios brasileiros habilitados para realiza\u00e7\u00e3o dos testes. O Adolfo Lutz \u00e9 respons\u00e1vel pelos exames da regi\u00e3o norte do Pa\u00eds. Os resultados foram encaminhados atrav\u00e9s de e-mail para vigil\u00e2ncia, as 13h12, da \u00faltima quarta-feira (22). A divulga\u00e7\u00e3o aconteceu logo em seguida e foi feita ap\u00f3s a confirma\u00e7\u00e3o laboratorial, com um diagn\u00f3stico preciso\u201d, explicou Marcos Ferreira, gerente de epidemiologia da Agevisa.<\/p>\n<p>Uma m\u00e9dica do Cemetron, que teve contato com o paciente, tamb\u00e9m apresentou os sintomas da gripe, por\u00e9m o caso n\u00e3o foi confirmado. Desde o in\u00edcio dos primeiros casos no Brasil foram registrados 08 casos suspeitos em Rond\u00f4nia. Do total, apenas esse caso foi confirmado. At\u00e9 ent\u00e3o Rond\u00f4nia era o \u00fanico Estado que n\u00e3o havia apresentado casos da doen\u00e7a. Os outros 07 pacientes n\u00e3o estavam contaminados com o v\u00edrus. Todos os casos foram monitorados pela Agevisa.<\/p>\n<p><strong>Nenhum caso suspeito e nem pacientes a espera de exames<\/strong><\/p>\n<p>\u201cUm ponto importante sobre os casos suspeitos e o confirmado \u00e9 que todos foram curados e receberam alta m\u00e9dica. Mesmo o paciente que estava com a doen\u00e7a n\u00e3o mais propagou o v\u00edrus. Desde que ele foi atendido pela primeira vez no Cemetron, at\u00e9 a alta m\u00e9dica e confirma\u00e7\u00e3o, nenhum outro caso foi identificado. Nos \u00faltimos 15 dias nenhuma suspeita foi registrada. Nem mesmo de pessoas que tiveram contato com o paciente\u201d, destacou Zilda Barroso, coordenadora estadual da Influenza.<\/p>\n<p>No momento n\u00e3o h\u00e1 nenhum caso suspeito e nem pacientes a espera de resultados de exames. A Agevisa mant\u00e9m todos os dados sobre a doen\u00e7a e contato direto com o Grupo T\u00e9cnico da Influenza (GT-I). O grupo registra os casos nacionalmente. Se necess\u00e1rio o Laborat\u00f3rio Central de Rond\u00f4nia (Lacen) est\u00e1 preparado para realizar coleta de material para exame. A vigil\u00e2ncia em sa\u00fade estadual tamb\u00e9m mant\u00e9m um servi\u00e7o de registros e informa\u00e7\u00f5es 24 horas, que podem ser obtidas pelo telefone 9979-0892.<\/p>\n<p>Fonte: A\/I SESAU &#8211; Secretaria de Estado da Sa\u00fade<\/p>\n","protected":false},"excerpt":{"rendered":"<p>A Ag\u00eancia de Vigil\u00e2ncia Sanit\u00e1ria em Rond\u00f4nia (Agevisa) divulgou na tarde desta quarta-feira (22), o primeiro caso de gripe su\u00edna registrado oficialmente no Estado. Desde os primeiros casos no Brasil, 08 suspeitas foram registradas em Rond\u00f4nia e apenas uma confirmada. Todos os pacientes, inclusive o caso confirmado, foram curados e receberam alta m\u00e9dica. A propaga\u00e7\u00e3o [&hellip;]<\/p>\n","protected":false},"author":3,"featured_media":0,"comment_status":"open","ping_status":"open","sticky":false,"template":"","format":"standard","meta":{"tdm_status":"","tdm_grid_status":"","footnotes":""},"categories":[22,5],"tags":[],"class_list":{"0":"post-6336","1":"post","2":"type-post","3":"status-publish","4":"format-standard","6":"category-brasil","7":"category-saude-e-vida"},"_links":{"self":[{"href":"https:\/\/migracao.redenoticia.com.br\/noticia\/wp-json\/wp\/v2\/posts\/6336","targetHints":{"allow":["GET"]}}],"collection":[{"href":"https:\/\/migracao.redenoticia.com.br\/noticia\/wp-json\/wp\/v2\/posts"}],"about":[{"href":"https:\/\/migracao.redenoticia.com.br\/noticia\/wp-json\/wp\/v2\/types\/post"}],"author":[{"embeddable":true,"href":"https:\/\/migracao.redenoticia.com.br\/noticia\/wp-json\/wp\/v2\/users\/3"}],"replies":[{"embeddable":true,"href":"https:\/\/migracao.redenoticia.com.br\/noticia\/wp-json\/wp\/v2\/comments?post=6336"}],"version-history":[{"count":0,"href":"https:\/\/migracao.redenoticia.com.br\/noticia\/wp-json\/wp\/v2\/posts\/6336\/revisions"}],"wp:attachment":[{"href":"https:\/\/migracao.redenoticia.com.br\/noticia\/wp-json\/wp\/v2\/media?parent=6336"}],"wp:term":[{"taxonomy":"category","embeddable":true,"href":"https:\/\/migracao.redenoticia.com.br\/noticia\/wp-json\/wp\/v2\/categories?post=6336"},{"taxonomy":"post_tag","embeddable":true,"href":"https:\/\/migracao.redenoticia.com.br\/noticia\/wp-json\/wp\/v2\/tags?post=6336"}],"curies":[{"name":"wp","href":"https:\/\/api.w.org\/{rel}","templated":true}]}}