{"id":6339,"date":"2009-07-23T17:37:37","date_gmt":"2009-07-23T21:37:37","guid":{"rendered":"http:\/\/www.redenoticia.com.br\/noticia\/?p=6339"},"modified":"2009-07-23T17:37:37","modified_gmt":"2009-07-23T21:37:37","slug":"jornada-cientifica-e-tecnologica-da-ufscar-prorroga-prazo-para-inscricao","status":"publish","type":"post","link":"https:\/\/migracao.redenoticia.com.br\/noticia\/2009\/jornada-cientifica-e-tecnologica-da-ufscar-prorroga-prazo-para-inscricao\/6339","title":{"rendered":"Jornada Cient\u00edfica e Tecnol\u00f3gica da UFSCar prorroga prazo para inscri\u00e7\u00e3o"},"content":{"rendered":"<p>Foram prorrogados os prazos para inscri\u00e7\u00e3o de trabalhos a serem apresentados durante a 8\u00aa Jornada Cient\u00edfica e Tecnol\u00f3gica da UFSCar (Universidade Federal de S\u00e3o Carlos). A atividade, que acontecer\u00e1 entre os dias 5 e 9 de outubro no campus S\u00e3o Carlos da UFSCar, reunir\u00e1 os seguintes eventos: XVII Congresso de Inicia\u00e7\u00e3o Cient\u00edfica (CIC), II Congresso de Inicia\u00e7\u00e3o em Desenvolvimento Tecnol\u00f3gico e Inova\u00e7\u00e3o (CIDTI), VII Encontro de Extens\u00e3o (EEx), V Congresso de P\u00f3s-Gradua\u00e7\u00e3o (ConPG), IV Workshop de Grupos de Pesquisa (WGP) e o VI Congresso de Meio Ambiente da AUGM (Associa\u00e7\u00e3o de Universidades do Grupo Montevid\u00e9u).<br \/>\nO prazo para envio de resumos de trabalhos para o CIC, CIDTI e EEx foi estendido at\u00e9 o dia 1\u00b0 de agosto. J\u00e1 o prazo para a submiss\u00e3o de trabalhos para o Congresso de Meio Ambiente da AUGM foi prorrogado at\u00e9 o dia 10 de agosto. As inscri\u00e7\u00f5es devem ser feitas no site do evento, em\u00a0<a href=\"http:\/\/www.jornada2009.ufscar.br\" target=\"_blank\">www.jornada2009.ufscar.br<\/a>.<br \/>\nA programa\u00e7\u00e3o da Jornada reflete o compromisso da UFSCar com a indissociabilidade das atividades de ensino, pesquisa e extens\u00e3o. Assim, a reuni\u00e3o desses eventos permitir\u00e1 uma vis\u00e3o do conjunto da Universidade, j\u00e1 que, embora de naturezas diversas e voltados para p\u00fablicos diferentes, eles t\u00eam todos a mesma meta: divulgar, disseminar e refletir sobre o conhecimento produzido na UFSCar.<br \/>\nA Jornada tamb\u00e9m tem uma parceria com o 3\u00ba CONTATO &#8211; Festival Multim\u00eddia de R\u00e1dio, TV, Cinema e Arte Eletr\u00f4nica da UFSCar, que promover\u00e1 atividades culturais e reunir\u00e1 a apresenta\u00e7\u00e3o de trabalhos nas \u00e1reas de Arte e Comunica\u00e7\u00e3o. O CONTATO acontece de 7 a 12 de outubro, tamb\u00e9m em S\u00e3o Carlos. Para ter mais informa\u00e7\u00f5es sobre o Festival acesse\u00a0<a href=\"http:\/\/www.contato.ufscar.br\" target=\"_blank\">www.contato.ufscar.br<\/a>.<\/p>\n","protected":false},"excerpt":{"rendered":"<p>Foram prorrogados os prazos para inscri\u00e7\u00e3o de trabalhos a serem apresentados durante a 8\u00aa Jornada Cient\u00edfica e Tecnol\u00f3gica da UFSCar (Universidade Federal de S\u00e3o Carlos). A atividade, que acontecer\u00e1 entre os dias 5 e 9 de outubro no campus S\u00e3o Carlos da UFSCar, reunir\u00e1 os seguintes eventos: XVII Congresso de Inicia\u00e7\u00e3o Cient\u00edfica (CIC), II Congresso [&hellip;]<\/p>\n","protected":false},"author":2,"featured_media":0,"comment_status":"open","ping_status":"open","sticky":false,"template":"","format":"standard","meta":{"tdm_status":"","tdm_grid_status":"","footnotes":""},"categories":[22],"tags":[],"class_list":{"0":"post-6339","1":"post","2":"type-post","3":"status-publish","4":"format-standard","6":"category-brasil"},"_links":{"self":[{"href":"https:\/\/migracao.redenoticia.com.br\/noticia\/wp-json\/wp\/v2\/posts\/6339","targetHints":{"allow":["GET"]}}],"collection":[{"href":"https:\/\/migracao.redenoticia.com.br\/noticia\/wp-json\/wp\/v2\/posts"}],"about":[{"href":"https:\/\/migracao.redenoticia.com.br\/noticia\/wp-json\/wp\/v2\/types\/post"}],"author":[{"embeddable":true,"href":"https:\/\/migracao.redenoticia.com.br\/noticia\/wp-json\/wp\/v2\/users\/2"}],"replies":[{"embeddable":true,"href":"https:\/\/migracao.redenoticia.com.br\/noticia\/wp-json\/wp\/v2\/comments?post=6339"}],"version-history":[{"count":0,"href":"https:\/\/migracao.redenoticia.com.br\/noticia\/wp-json\/wp\/v2\/posts\/6339\/revisions"}],"wp:attachment":[{"href":"https:\/\/migracao.redenoticia.com.br\/noticia\/wp-json\/wp\/v2\/media?parent=6339"}],"wp:term":[{"taxonomy":"category","embeddable":true,"href":"https:\/\/migracao.redenoticia.com.br\/noticia\/wp-json\/wp\/v2\/categories?post=6339"},{"taxonomy":"post_tag","embeddable":true,"href":"https:\/\/migracao.redenoticia.com.br\/noticia\/wp-json\/wp\/v2\/tags?post=6339"}],"curies":[{"name":"wp","href":"https:\/\/api.w.org\/{rel}","templated":true}]}}