{"id":6346,"date":"2009-07-23T17:53:06","date_gmt":"2009-07-23T21:53:06","guid":{"rendered":"http:\/\/www.redenoticia.com.br\/noticia\/?p=6346"},"modified":"2009-07-23T17:53:06","modified_gmt":"2009-07-23T21:53:06","slug":"governo-rs-avalia-medidas-adotadas-em-santa-maria-para-conter-gripe-a-h1n1","status":"publish","type":"post","link":"https:\/\/migracao.redenoticia.com.br\/noticia\/2009\/governo-rs-avalia-medidas-adotadas-em-santa-maria-para-conter-gripe-a-h1n1\/6346","title":{"rendered":"Governo RS avalia medidas adotadas em Santa Maria para conter Gripe A (H1N1)"},"content":{"rendered":"<p>Na visita que fez hoje (23) a Santa Maria, o secret\u00e1rio Estadual da Sa\u00fade do RS, Osmar Terra, confirmou que as medidas adotadas pela prefeitura, para conter o avan\u00e7o da Gripe A (H1N1)<strong> <\/strong>na cidade, est\u00e3o no caminho certo e reafirmou que n\u00e3o \u00e9 necess\u00e1rio decretar situa\u00e7\u00e3o de emerg\u00eancia no munic\u00edpio. Ele tamb\u00e9m esclareceu que &#8220;n\u00e3o h\u00e1 orienta\u00e7\u00e3o de suspender aulas ou cancelar evento, de forma indiscriminada. Estas provid\u00eancias s\u00f3 devem ser tomadas onde houver o surto, s\u00e3o localizadas e tempor\u00e1rias&#8221;.<\/p>\n<p>Terra explicou que o governo do Estado RS ap\u00f3ia essas medidas, entre elas o atendimento ampliado nas Unidades de Sa\u00fade, uma vez que cada uma, com amplia\u00e7\u00e3o de hor\u00e1rio, recebe R$ 6 mil reais por m\u00eas. Terra ainda orientou os demais prefeitos que passam por este problema, a seguirem o exemplo de Santa Maria.<\/p>\n<p>Entre as medidas de apoio aos munic\u00edpios, anunciadas pelo secret\u00e1rio de Sa\u00fade, est\u00e1 a antecipa\u00e7\u00e3o de duas parcelas de R$ 4 milh\u00f5es para a aquisi\u00e7\u00e3o de medicamentos b\u00e1sicos e antibi\u00f3ticos, para tratar as poss\u00edveis complica\u00e7\u00f5es da gripe. O Estado tamb\u00e9m ir\u00e1 oferecer ao Hospital Universit\u00e1rio mais seis respiradores, do total de 100 alugados e 50 adquiridos pelo Governo para os casos mais graves. Se for necess\u00e1rio, segundo informou o secret\u00e1rio, o Estado enviar\u00e1 mais respiradores para abrir uma unidade na Casa de Sa\u00fade.<\/p>\n<p>Outras medidas est\u00e3o sendo encaminhadas pela secretaria da sa\u00fade a fim de enfrentar a epidemia de Gripe A no Estado, uma delas diz respeito a descentraliza\u00e7\u00e3o do exame de diagn\u00f3stico do v\u00edrus, o que ainda n\u00e3o tem prazo definido. No entanto, o secret\u00e1rio Terra anunciou que na pr\u00f3xima segunda-feira o Lacen (Laborat\u00f3rio Central de Sa\u00fade P\u00fablica do RS) j\u00e1 poder\u00e1 realizar o exame de Imunofluoresc\u00eancia, que faz a distin\u00e7\u00e3o entre o que \u00e9 gripe de outras viroses que tamb\u00e9m atacam no inverno. Este exame ficar\u00e1 pronto em no m\u00e1ximo 24h.<\/p>\n<p>Al\u00e9m da amplia\u00e7\u00e3o do hor\u00e1rio de atendimento nos postos- s\u00e3o 13 no total, sendo dois PAs abertos 24h- o prefeito Cezar Schirmer relatou ao secret\u00e1rio as demais medidas, entre elas a contrata\u00e7\u00e3o emergencial de 21 m\u00e9dicos e 28 enfermeiros; instala\u00e7\u00e3o de uma unidade especial junto ao Pronto Atendimento do Patronato; instala\u00e7\u00e3o de uma unidade m\u00f3vel no Centro da cidade; implanta\u00e7\u00e3o do servi\u00e7o Disk-Gripe, com orienta\u00e7\u00e3o atrav\u00e9s dos n\u00fameros 91650656 e 91542464 ( recebe liga\u00e7\u00e3o \u00e0 cobrar) e impress\u00e3o de 100 mil cartilhas com informa\u00e7\u00f5es sobre preven\u00e7\u00e3o e rede de atendimento no munic\u00edpio.<\/p>\n","protected":false},"excerpt":{"rendered":"<p>Na visita que fez hoje (23) a Santa Maria, o secret\u00e1rio Estadual da Sa\u00fade do RS, Osmar Terra, confirmou que as medidas adotadas pela prefeitura, para conter o avan\u00e7o da Gripe A (H1N1) na cidade, est\u00e3o no caminho certo e reafirmou que n\u00e3o \u00e9 necess\u00e1rio decretar situa\u00e7\u00e3o de emerg\u00eancia no munic\u00edpio. Ele tamb\u00e9m esclareceu que [&hellip;]<\/p>\n","protected":false},"author":3,"featured_media":0,"comment_status":"open","ping_status":"open","sticky":false,"template":"","format":"standard","meta":{"tdm_status":"","tdm_grid_status":"","footnotes":""},"categories":[22,5],"tags":[],"class_list":{"0":"post-6346","1":"post","2":"type-post","3":"status-publish","4":"format-standard","6":"category-brasil","7":"category-saude-e-vida"},"_links":{"self":[{"href":"https:\/\/migracao.redenoticia.com.br\/noticia\/wp-json\/wp\/v2\/posts\/6346","targetHints":{"allow":["GET"]}}],"collection":[{"href":"https:\/\/migracao.redenoticia.com.br\/noticia\/wp-json\/wp\/v2\/posts"}],"about":[{"href":"https:\/\/migracao.redenoticia.com.br\/noticia\/wp-json\/wp\/v2\/types\/post"}],"author":[{"embeddable":true,"href":"https:\/\/migracao.redenoticia.com.br\/noticia\/wp-json\/wp\/v2\/users\/3"}],"replies":[{"embeddable":true,"href":"https:\/\/migracao.redenoticia.com.br\/noticia\/wp-json\/wp\/v2\/comments?post=6346"}],"version-history":[{"count":0,"href":"https:\/\/migracao.redenoticia.com.br\/noticia\/wp-json\/wp\/v2\/posts\/6346\/revisions"}],"wp:attachment":[{"href":"https:\/\/migracao.redenoticia.com.br\/noticia\/wp-json\/wp\/v2\/media?parent=6346"}],"wp:term":[{"taxonomy":"category","embeddable":true,"href":"https:\/\/migracao.redenoticia.com.br\/noticia\/wp-json\/wp\/v2\/categories?post=6346"},{"taxonomy":"post_tag","embeddable":true,"href":"https:\/\/migracao.redenoticia.com.br\/noticia\/wp-json\/wp\/v2\/tags?post=6346"}],"curies":[{"name":"wp","href":"https:\/\/api.w.org\/{rel}","templated":true}]}}