{"id":63485,"date":"2014-12-08T14:38:32","date_gmt":"2014-12-08T16:38:32","guid":{"rendered":"http:\/\/www.redenoticia.com.br\/noticia\/?p=63485"},"modified":"2014-12-08T14:38:32","modified_gmt":"2014-12-08T16:38:32","slug":"butantan-abre-programa-de-aprimoramento-profissional-na-area-da-saude","status":"publish","type":"post","link":"https:\/\/migracao.redenoticia.com.br\/noticia\/2014\/butantan-abre-programa-de-aprimoramento-profissional-na-area-da-saude\/63485","title":{"rendered":"Butantan abre Programa de Aprimoramento Profissional na \u00e1rea da sa\u00fade"},"content":{"rendered":"<p>Ag\u00eancia FAPESP \u2013 O Instituto <em><strong>Butantan<\/strong><\/em> est\u00e1 com inscri\u00e7\u00f5es abertas, at\u00e9 12 de dezembro, para o seu Programa de Aprimoramento Profissional (PAP), que tem como objetivo complementar a forma\u00e7\u00e3o universit\u00e1ria de profissionais da \u00e1rea da sa\u00fade, oferecendo aspectos n\u00e3o contemplados no curr\u00edculo universit\u00e1rio.<\/p>\n<p>S\u00e3o 40 horas semanais de atividades ao longo de um ou dois anos e o participante recebe uma bolsa mensal de R$ 1.044,70.<\/p>\n<p>Podem se inscrever profissionais formados a partir de 2012 nos cursos de Administra\u00e7\u00e3o Hospitalar, Biologia, Biomedicina, Bioqu\u00edmica, Biblioteconomia, Biotecnologia, Ci\u00eancias Moleculares, Ci\u00eancias da Informa\u00e7\u00e3o e Documenta\u00e7\u00e3o, Ci\u00eancias da Natureza, Ci\u00eancias Sociais, Engenharia, Enfermagem, Farm\u00e1cia, Gest\u00e3o Ambiental, Hist\u00f3ria, Medicina Veterin\u00e1ria, Museologia, Pedagogia, Qu\u00edmica e Zootecnia.<\/p>\n<p>H\u00e1 14 programas dispon\u00edveis, em cinco \u00e1reas: pesquisa em Ci\u00eancias da Sa\u00fade; desenvolvimento tecnol\u00f3gico para produ\u00e7\u00e3o e controle de imunobiol\u00f3gicos e biof\u00e1rmacos; biotecnologia em sa\u00fade; Museologia e divulga\u00e7\u00e3o; e biot\u00e9rios.<\/p>\n<p>O processo seletivo inclui prova escrita, an\u00e1lise do curr\u00edculo e entrevista.<\/p>\n<p>As inscri\u00e7\u00f5es devem ser feitas exclusivamente pelo site . O edital pode ser lido em<\/p>\n","protected":false},"excerpt":{"rendered":"<p>Ag\u00eancia FAPESP \u2013 O Instituto Butantan est\u00e1 com inscri\u00e7\u00f5es abertas, at\u00e9 12 de dezembro, para o seu Programa de Aprimoramento Profissional (PAP), que tem como objetivo complementar a forma\u00e7\u00e3o universit\u00e1ria de profissionais da \u00e1rea da sa\u00fade, oferecendo aspectos n\u00e3o contemplados no curr\u00edculo universit\u00e1rio. S\u00e3o 40 horas semanais de atividades ao longo de um ou dois [&hellip;]<\/p>\n","protected":false},"author":2,"featured_media":57579,"comment_status":"open","ping_status":"closed","sticky":false,"template":"","format":"standard","meta":{"tdm_status":"","tdm_grid_status":"","footnotes":""},"categories":[22,351,370],"tags":[],"class_list":{"0":"post-63485","1":"post","2":"type-post","3":"status-publish","4":"format-standard","5":"has-post-thumbnail","7":"category-brasil","8":"category-cursos","9":"category-inscricao"},"_links":{"self":[{"href":"https:\/\/migracao.redenoticia.com.br\/noticia\/wp-json\/wp\/v2\/posts\/63485","targetHints":{"allow":["GET"]}}],"collection":[{"href":"https:\/\/migracao.redenoticia.com.br\/noticia\/wp-json\/wp\/v2\/posts"}],"about":[{"href":"https:\/\/migracao.redenoticia.com.br\/noticia\/wp-json\/wp\/v2\/types\/post"}],"author":[{"embeddable":true,"href":"https:\/\/migracao.redenoticia.com.br\/noticia\/wp-json\/wp\/v2\/users\/2"}],"replies":[{"embeddable":true,"href":"https:\/\/migracao.redenoticia.com.br\/noticia\/wp-json\/wp\/v2\/comments?post=63485"}],"version-history":[{"count":0,"href":"https:\/\/migracao.redenoticia.com.br\/noticia\/wp-json\/wp\/v2\/posts\/63485\/revisions"}],"wp:featuredmedia":[{"embeddable":true,"href":"https:\/\/migracao.redenoticia.com.br\/noticia\/wp-json\/wp\/v2\/media\/57579"}],"wp:attachment":[{"href":"https:\/\/migracao.redenoticia.com.br\/noticia\/wp-json\/wp\/v2\/media?parent=63485"}],"wp:term":[{"taxonomy":"category","embeddable":true,"href":"https:\/\/migracao.redenoticia.com.br\/noticia\/wp-json\/wp\/v2\/categories?post=63485"},{"taxonomy":"post_tag","embeddable":true,"href":"https:\/\/migracao.redenoticia.com.br\/noticia\/wp-json\/wp\/v2\/tags?post=63485"}],"curies":[{"name":"wp","href":"https:\/\/api.w.org\/{rel}","templated":true}]}}