{"id":6349,"date":"2009-07-23T17:59:32","date_gmt":"2009-07-23T21:59:32","guid":{"rendered":"http:\/\/www.redenoticia.com.br\/noticia\/?p=6349"},"modified":"2009-08-01T23:41:25","modified_gmt":"2009-08-02T03:41:25","slug":"divulgado-protocolo-para-uso-do-tamiflu-no-tratamento-da-gripe-a-h1n1-no-rs","status":"publish","type":"post","link":"https:\/\/migracao.redenoticia.com.br\/noticia\/2009\/divulgado-protocolo-para-uso-do-tamiflu-no-tratamento-da-gripe-a-h1n1-no-rs\/6349","title":{"rendered":"Divulgado protocolo para uso do Tamiflu no tratamento da Gripe A (H1N1) no RS"},"content":{"rendered":"<p>O Centro Estadual de Vigil\u00e2ncia em Sa\u00fade\u00a0divulgados nesta quinta-feira (23) protocolo de indica\u00e7\u00f5es para uso do oseltamivir (Tamiflu)<strong> <\/strong>no tratamento da Gripe A (H1N1) no RS, com base em orienta\u00e7\u00f5es da Secretaria de Vigil\u00e2ncia em Sa\u00fade do Minist\u00e9rio da Sa\u00fade.<\/p>\n<p>O medicamento deve ser usado at\u00e9 48 horas, a partir da data dos sintomas, sempre por indica\u00e7\u00e3o\u00a0m\u00e9dica, para pessoas com doen\u00e7a respirat\u00f3ria aguda grave e seus contatos pr\u00f3ximos, que apresentem os mesmos sintomas<\/p>\n<p>Ser\u00e1 indicado tamb\u00e9m para pessoas com fatores de risco para complica\u00e7\u00f5es por influenza como: idade inferior a dois anos ou superior a 60 anos; imunodeprimidos (pacientes com c\u00e2ncer, em tratamento de Aids, ou em uso regular de medica\u00e7\u00e3o imunodepressora)<\/p>\n<p>Outro fator de risco incide sobre pessoas portadoras de condi\u00e7\u00f5es cr\u00f4nicas: hemoglobinapatias, diabetes, cardiopatias, pneumomatias, doen\u00e7as renais cr\u00f4nicas e obesidade m\u00f3rbida<\/p>\n<p>O CEVS alerta que o uso indiscriminado do Tamiflu pode induzir a resist\u00eancia ao v\u00edrus da influenza.<\/p>\n","protected":false},"excerpt":{"rendered":"<p>O Centro Estadual de Vigil\u00e2ncia em Sa\u00fade\u00a0divulgados nesta quinta-feira (23) protocolo de indica\u00e7\u00f5es para uso do oseltamivir (Tamiflu) no tratamento da Gripe A (H1N1) no RS, com base em orienta\u00e7\u00f5es da Secretaria de Vigil\u00e2ncia em Sa\u00fade do Minist\u00e9rio da Sa\u00fade. O medicamento deve ser usado at\u00e9 48 horas, a partir da data dos sintomas, sempre [&hellip;]<\/p>\n","protected":false},"author":3,"featured_media":0,"comment_status":"open","ping_status":"open","sticky":false,"template":"","format":"standard","meta":{"tdm_status":"","tdm_grid_status":"","footnotes":""},"categories":[22,5],"tags":[],"class_list":{"0":"post-6349","1":"post","2":"type-post","3":"status-publish","4":"format-standard","6":"category-brasil","7":"category-saude-e-vida"},"_links":{"self":[{"href":"https:\/\/migracao.redenoticia.com.br\/noticia\/wp-json\/wp\/v2\/posts\/6349","targetHints":{"allow":["GET"]}}],"collection":[{"href":"https:\/\/migracao.redenoticia.com.br\/noticia\/wp-json\/wp\/v2\/posts"}],"about":[{"href":"https:\/\/migracao.redenoticia.com.br\/noticia\/wp-json\/wp\/v2\/types\/post"}],"author":[{"embeddable":true,"href":"https:\/\/migracao.redenoticia.com.br\/noticia\/wp-json\/wp\/v2\/users\/3"}],"replies":[{"embeddable":true,"href":"https:\/\/migracao.redenoticia.com.br\/noticia\/wp-json\/wp\/v2\/comments?post=6349"}],"version-history":[{"count":0,"href":"https:\/\/migracao.redenoticia.com.br\/noticia\/wp-json\/wp\/v2\/posts\/6349\/revisions"}],"wp:attachment":[{"href":"https:\/\/migracao.redenoticia.com.br\/noticia\/wp-json\/wp\/v2\/media?parent=6349"}],"wp:term":[{"taxonomy":"category","embeddable":true,"href":"https:\/\/migracao.redenoticia.com.br\/noticia\/wp-json\/wp\/v2\/categories?post=6349"},{"taxonomy":"post_tag","embeddable":true,"href":"https:\/\/migracao.redenoticia.com.br\/noticia\/wp-json\/wp\/v2\/tags?post=6349"}],"curies":[{"name":"wp","href":"https:\/\/api.w.org\/{rel}","templated":true}]}}