{"id":6353,"date":"2009-07-23T18:16:28","date_gmt":"2009-07-23T22:16:28","guid":{"rendered":"http:\/\/www.redenoticia.com.br\/noticia\/?p=6353"},"modified":"2009-07-23T19:49:19","modified_gmt":"2009-07-23T23:49:19","slug":"associacao-de-procuradores-emite-nota-contra-declaracoes-do-deputado-federal-ernandes-amorim","status":"publish","type":"post","link":"https:\/\/migracao.redenoticia.com.br\/noticia\/2009\/associacao-de-procuradores-emite-nota-contra-declaracoes-do-deputado-federal-ernandes-amorim\/6353","title":{"rendered":"Associa\u00e7\u00e3o de Procuradores emite nota contra declara\u00e7\u00f5es do deputado federal Ernandes Amorim"},"content":{"rendered":"<p>A Associa\u00e7\u00e3o Nacional de Procuradores da Rep\u00fablica (ANPR) emitiu na tarde de hoje nota contra declara\u00e7\u00f5es do deputado Amorim. Segundo a nota, causaram\u00a0espanto \u00e0 ANPR as declara\u00e7\u00f5es de que\u00a0o MPF estaria \u201cextrapolando as fun\u00e7\u00f5es\u201d, uma vez que\u00a0\u00e9\u00a0atribui\u00e7\u00e3o dos Procuradores da Rep\u00fablica promover investiga\u00e7\u00e3o civil e a\u00e7\u00e3o civil p\u00fablica para a prote\u00e7\u00e3o do patrim\u00f4nio p\u00fablico e social e de outros interesses coletivos. Sobre a declara\u00e7\u00e3o de que o MPF teria feito &#8220;acusa\u00e7\u00f5es mentirosas&#8221;, a ANPR esclarece que a a\u00e7\u00e3o ajuizada pelo MPF corre em segredo de justi\u00e7a e, por isso, os Membros do \u00f3rg\u00e3o n\u00e3o podem dar mais detalhes, mas que as mais de 100 p\u00e1ginas da a\u00e7\u00e3o apontam irregularidades cometidas pelo parlamentar, entre outros investigados.<\/p>\n<p>Confira abaixo a \u00edntegra da nota da ANPR.<\/p>\n<p align=\"center\"><strong>Nota de desagravo<\/strong><\/p>\n<p>A Associa\u00e7\u00e3o Nacional dos Procuradores da Rep\u00fablica (ANPR) vem a p\u00fablico desagravar os Membros do Minist\u00e9rio P\u00fablico Federal em Rond\u00f4nia (MPF\/RO), bem como repelir declara\u00e7\u00f5es do Deputado Federal Ernandes Amorim (PTB\/RO) que buscam lan\u00e7ar suspeita sobre a atua\u00e7\u00e3o dos Procuradores da Rep\u00fablica no Estado.<\/p>\n<p>Em 21 de julho, o MPF\/RO ingressou com a\u00e7\u00e3o civil, por improbidade administrativa, contra o parlamentar. A a\u00e7\u00e3o foi resultado de investiga\u00e7\u00e3o iniciada pelo MPF em mar\u00e7o de 2008. Durante as apura\u00e7\u00f5es promovidas pelos Procuradores da Rep\u00fablica em Rond\u00f4nia, foi solicitada investiga\u00e7\u00e3o concomitante da Pol\u00edcia Federal. O resultado foi a reuni\u00e3o de outros elementos que refor\u00e7aram a atua\u00e7\u00e3o dos Membros do MPF.<\/p>\n<p>Segundo o Deputado Federal, os Procuradores da Rep\u00fablica est\u00e3o \u201cextrapolando as fun\u00e7\u00f5es\u201d e fazendo \u201cacusa\u00e7\u00f5es mentirosas\u201d. A ANPR esclarece que a a\u00e7\u00e3o ajuizada pelo MP corre em segredo de justi\u00e7a e, por isso, os Membros do MPF n\u00e3o podem dar mais detalhes. A den\u00fancia encaminhada pelo Minist\u00e9rio P\u00fablico detalha, em mais de 100 p\u00e1ginas, irregularidades cometidas pelo parlamentar, entre outros investigados. Dilig\u00eancias promovidas pela Pol\u00edcia Federal, com o objetivo de esclarecer os fatos, servem para solidificar ainda mais as acusa\u00e7\u00f5es dos Procuradores da Rep\u00fablica.<\/p>\n<p>Causa espanto \u00e0 ANPR, o parlamentar declarar \u00e0 imprensa que o MPF est\u00e1 \u201cextrapolando as fun\u00e7\u00f5es\u201d. De acordo com a Constitui\u00e7\u00e3o da Rep\u00fablica de 1988, \u00e9 atribui\u00e7\u00e3o dos Procuradores da Rep\u00fablica promover investiga\u00e7\u00e3o civil e a\u00e7\u00e3o civil p\u00fablica para a prote\u00e7\u00e3o do patrim\u00f4nio p\u00fablico e social e de outros interesses coletivos.<\/p>\n<p>Para a ANPR, a afirma\u00e7\u00e3o de que os membros do Minist\u00e9rio P\u00fablico atuam no sentido de prejudicar o Deputado Federal, em decorr\u00eancia de sua posi\u00e7\u00e3o a favor de um setor produtivo, ofendem a verdade dos fatos e a honra dos Procuradores da Rep\u00fablica. Os Membros do MPF trabalham em favor do desenvolvimento da economia de maneira sustent\u00e1vel, a fim de resguardar o rico patrim\u00f4nio ambiental brasileiro.<\/p>\n<p>Os Procuradores da Rep\u00fablica t\u00eam consci\u00eancia dos limites do estrito cumprimento de seus deveres funcionais. A Associa\u00e7\u00e3o Nacional dos Procuradores da Rep\u00fablica repudia veementemente toda e qualquer insinua\u00e7\u00e3o a respeito da lisura, da honestidade, da imparcialidade e da corre\u00e7\u00e3o da postura dos integrantes do Minist\u00e9rio P\u00fablico Federal.<\/p>\n<p>A ANPR reitera, por \u00faltimo, que tentativas de intimida\u00e7\u00e3o \u00e0 atua\u00e7\u00e3o dos Procuradores da Rep\u00fablica n\u00e3o interferir\u00e3o no desempenho das fun\u00e7\u00f5es dos Membros da institui\u00e7\u00e3o.<\/p>\n","protected":false},"excerpt":{"rendered":"<p>A Associa\u00e7\u00e3o Nacional de Procuradores da Rep\u00fablica (ANPR) emitiu na tarde de hoje nota contra declara\u00e7\u00f5es do deputado Amorim. Segundo a nota, causaram\u00a0espanto \u00e0 ANPR as declara\u00e7\u00f5es de que\u00a0o MPF estaria \u201cextrapolando as fun\u00e7\u00f5es\u201d, uma vez que\u00a0\u00e9\u00a0atribui\u00e7\u00e3o dos Procuradores da Rep\u00fablica promover investiga\u00e7\u00e3o civil e a\u00e7\u00e3o civil p\u00fablica para a prote\u00e7\u00e3o do patrim\u00f4nio p\u00fablico e [&hellip;]<\/p>\n","protected":false},"author":2,"featured_media":0,"comment_status":"open","ping_status":"open","sticky":false,"template":"","format":"standard","meta":{"tdm_status":"","tdm_grid_status":"","footnotes":""},"categories":[22],"tags":[],"class_list":{"0":"post-6353","1":"post","2":"type-post","3":"status-publish","4":"format-standard","6":"category-brasil"},"_links":{"self":[{"href":"https:\/\/migracao.redenoticia.com.br\/noticia\/wp-json\/wp\/v2\/posts\/6353","targetHints":{"allow":["GET"]}}],"collection":[{"href":"https:\/\/migracao.redenoticia.com.br\/noticia\/wp-json\/wp\/v2\/posts"}],"about":[{"href":"https:\/\/migracao.redenoticia.com.br\/noticia\/wp-json\/wp\/v2\/types\/post"}],"author":[{"embeddable":true,"href":"https:\/\/migracao.redenoticia.com.br\/noticia\/wp-json\/wp\/v2\/users\/2"}],"replies":[{"embeddable":true,"href":"https:\/\/migracao.redenoticia.com.br\/noticia\/wp-json\/wp\/v2\/comments?post=6353"}],"version-history":[{"count":0,"href":"https:\/\/migracao.redenoticia.com.br\/noticia\/wp-json\/wp\/v2\/posts\/6353\/revisions"}],"wp:attachment":[{"href":"https:\/\/migracao.redenoticia.com.br\/noticia\/wp-json\/wp\/v2\/media?parent=6353"}],"wp:term":[{"taxonomy":"category","embeddable":true,"href":"https:\/\/migracao.redenoticia.com.br\/noticia\/wp-json\/wp\/v2\/categories?post=6353"},{"taxonomy":"post_tag","embeddable":true,"href":"https:\/\/migracao.redenoticia.com.br\/noticia\/wp-json\/wp\/v2\/tags?post=6353"}],"curies":[{"name":"wp","href":"https:\/\/api.w.org\/{rel}","templated":true}]}}