{"id":6355,"date":"2009-07-23T18:18:20","date_gmt":"2009-07-23T22:18:20","guid":{"rendered":"http:\/\/www.redenoticia.com.br\/noticia\/?p=6355"},"modified":"2009-07-23T18:18:20","modified_gmt":"2009-07-23T22:18:20","slug":"ipea-promove-debate-sobre-as-agencias-de-regulacao-e-o-cade","status":"publish","type":"post","link":"https:\/\/migracao.redenoticia.com.br\/noticia\/2009\/ipea-promove-debate-sobre-as-agencias-de-regulacao-e-o-cade\/6355","title":{"rendered":"Ipea promove debate sobre as ag\u00eancias de regula\u00e7\u00e3o e o Cade"},"content":{"rendered":"<p>A Diretoria de Estudos Setoriais (Diset) do Instituto de Pesquisa Econ\u00f4mica Aplicada (<strong>Ipea<\/strong>) promover\u00e1, no dia 29 de julho, das 9h \u00e0s 18 horas, no audit\u00f3rio do Instituto no Rio de Janeiro, o debate \u201cA representa\u00e7\u00e3o Judicial das Ag\u00eancias e do Cade: autonomia em quest\u00e3o?\u201d, que faz parte de uma s\u00e9rie de discuss\u00f5es programadas na\u00a0Sess\u00e3o Especial da Jornada da Regula\u00e7\u00e3o.<\/p>\n<p>Participam dessa sess\u00e3o o presidente do Conselho Administrativo de Defesa Econ\u00f4mica (Cade), Artur Badin, juristas e dirigentes de ag\u00eancias de regula\u00e7\u00e3o do Brasil. Autarquia vinculada ao Minist\u00e9rio da Justi\u00e7a, o Cade tem finalidade de orientar, fiscalizar, prevenir, apurar e repreender abusos de poder econ\u00f4mico.<\/p>\n<p>Artur Badin tem se manifestado pela independ\u00eancia pol\u00edtica das dez ag\u00eancias reguladoras existentes no Pa\u00eds, da Comiss\u00e3o de Valores Mobili\u00e1rios (CVM) e do Cade. Em recente artigo publicado no jornal\u00a0<em>Valor Econ\u00f4mico<\/em>, depois de elogiar a reestrutura\u00e7\u00e3o da Advocacia-Geral da Uni\u00e3o (AGU) pela transfer\u00eancia judicial de um total de 188 autarquias e funda\u00e7\u00f5es para a Procuradoria-Geral Federal e pela cria\u00e7\u00e3o\u00a0 de uma rede de advogados p\u00fablicos por todo territ\u00f3rio nacional, ele defendeu que essa reestrutura\u00e7\u00e3o n\u00e3o deve se estender \u00e0s agencias, \u00e0 CVM e ao Cade. Para ele, esses \u00f3rg\u00e3os correm o risco de perder a independ\u00eancia caso seus advogados estejam diretamente subordinados ao Presidente da Rep\u00fablica.<\/p>\n<p>Segundo Badin, 82% das decis\u00f5es do Cade condenando pr\u00e1ticas anticompetitivas encontram-se judicializadas. \u201cPara esvaziar a efic\u00e1cia das decis\u00f5es das ag\u00eancias reguladoras, Cade e CVM, bastaria a AGU ser orientada a negligenciar a defesa dessa decis\u00e3o\u201d, argumenta o presidente do Cade.<\/p>\n<p><strong>Servi\u00e7o<\/strong><\/p>\n<p><strong>O qu\u00ea:<\/strong> A Representa\u00e7\u00e3o Judicial das Ag\u00eancias e do Cade: autonomia em quest\u00e3o?<\/p>\n<p><strong>Quem:<\/strong> Presidente do Conselho Administrativo de Defesa da Concorr\u00eancia (Cade), Arthur Sanchez Badin, diversos juristas e dirigentes de ag\u00eancias de regula\u00e7\u00e3o,<\/p>\n<p><strong>Quando:<\/strong> 9h \u00e0s 18h<\/p>\n<p><strong>Onde:<\/strong> Audit\u00f3rio do 10\u00ba andar\u00a0 &#8211; Av. Presidente Ant\u00f4nio Carlos, 51 &#8211; Rio de Janeiro<\/p>\n<p><strong>Coordena\u00e7\u00e3o:<\/strong> Lucia Helena Salgado (Ipea) \u2013\u00a0<a href=\"mailto:lucia.salgado@ipea.gov.br\" target=\"_blank\">lucia.salgado@ipea.gov.br<\/a><\/p>\n<p><strong>Realiza\u00e7\u00e3o:<\/strong> Diset (Diretoria de Estudos Setoriais)<\/p>\n","protected":false},"excerpt":{"rendered":"<p>A Diretoria de Estudos Setoriais (Diset) do Instituto de Pesquisa Econ\u00f4mica Aplicada (Ipea) promover\u00e1, no dia 29 de julho, das 9h \u00e0s 18 horas, no audit\u00f3rio do Instituto no Rio de Janeiro, o debate \u201cA representa\u00e7\u00e3o Judicial das Ag\u00eancias e do Cade: autonomia em quest\u00e3o?\u201d, que faz parte de uma s\u00e9rie de discuss\u00f5es programadas na\u00a0Sess\u00e3o [&hellip;]<\/p>\n","protected":false},"author":2,"featured_media":0,"comment_status":"open","ping_status":"open","sticky":false,"template":"","format":"standard","meta":{"tdm_status":"","tdm_grid_status":"","footnotes":""},"categories":[22,7],"tags":[],"class_list":{"0":"post-6355","1":"post","2":"type-post","3":"status-publish","4":"format-standard","6":"category-brasil","7":"category-economia"},"_links":{"self":[{"href":"https:\/\/migracao.redenoticia.com.br\/noticia\/wp-json\/wp\/v2\/posts\/6355","targetHints":{"allow":["GET"]}}],"collection":[{"href":"https:\/\/migracao.redenoticia.com.br\/noticia\/wp-json\/wp\/v2\/posts"}],"about":[{"href":"https:\/\/migracao.redenoticia.com.br\/noticia\/wp-json\/wp\/v2\/types\/post"}],"author":[{"embeddable":true,"href":"https:\/\/migracao.redenoticia.com.br\/noticia\/wp-json\/wp\/v2\/users\/2"}],"replies":[{"embeddable":true,"href":"https:\/\/migracao.redenoticia.com.br\/noticia\/wp-json\/wp\/v2\/comments?post=6355"}],"version-history":[{"count":0,"href":"https:\/\/migracao.redenoticia.com.br\/noticia\/wp-json\/wp\/v2\/posts\/6355\/revisions"}],"wp:attachment":[{"href":"https:\/\/migracao.redenoticia.com.br\/noticia\/wp-json\/wp\/v2\/media?parent=6355"}],"wp:term":[{"taxonomy":"category","embeddable":true,"href":"https:\/\/migracao.redenoticia.com.br\/noticia\/wp-json\/wp\/v2\/categories?post=6355"},{"taxonomy":"post_tag","embeddable":true,"href":"https:\/\/migracao.redenoticia.com.br\/noticia\/wp-json\/wp\/v2\/tags?post=6355"}],"curies":[{"name":"wp","href":"https:\/\/api.w.org\/{rel}","templated":true}]}}