{"id":6358,"date":"2009-07-23T18:22:55","date_gmt":"2009-07-23T22:22:55","guid":{"rendered":"http:\/\/www.redenoticia.com.br\/noticia\/?p=6358"},"modified":"2009-07-23T18:22:55","modified_gmt":"2009-07-23T22:22:55","slug":"municipios-do-rs-terao-reforco-para-combater-gripe-a-h1n1","status":"publish","type":"post","link":"https:\/\/migracao.redenoticia.com.br\/noticia\/2009\/municipios-do-rs-terao-reforco-para-combater-gripe-a-h1n1\/6358","title":{"rendered":"Munic\u00edpios do RS ter\u00e3o refor\u00e7o para combater Gripe A (H1N1)"},"content":{"rendered":"<p>Os munic\u00edpios do RS com casos\u00a0de gripe A (H1N1) ter\u00e3o refor\u00e7o e aumento no n\u00famero de leitos de UTI, em car\u00e1ter emergencial, at\u00e9 setembro. O an\u00fancio foi feito pelo secret\u00e1rio da Sa\u00fade, Osmar Terra, em reuni\u00e3o\u00a0na tarde desta quinta-feira (23), com os prefeitos de Uruguaiana, Sanchotene Felice, de Quara\u00ed, Jo\u00e3o Carlos Gediel, e de Barra do Quara\u00ed, Maher Jaber Mahmud.<\/p>\n<p>A reuni\u00e3o ocorreu no Aeroporto Rubem Berta, em Uruguaiana, e teve a participa\u00e7\u00e3o tamb\u00e9m dos secret\u00e1rios municipais de Sa\u00fade de S\u00e3o Borja, Ros\u00e1rio do Sul e Itaqui, e do deputado estadual Frederico Antunes.<\/p>\n<p>Terra garantiu ainda a ced\u00eancia de equipamentos respiradores e monitores para os hospitais, al\u00e9m do refor\u00e7o no estoque do medicamento Tamiflu nas cidades que tiveram incid\u00eancia da doen\u00e7a. O secret\u00e1rio\u00a0informou\u00a0que\u00a0h\u00e1 expectativa de que, a cada tr\u00eas postos de sa\u00fade, ao menos um permane\u00e7a aberto at\u00e9 as 22h nos pr\u00f3ximos dias.<\/p>\n","protected":false},"excerpt":{"rendered":"<p>Os munic\u00edpios do RS com casos\u00a0de gripe A (H1N1) ter\u00e3o refor\u00e7o e aumento no n\u00famero de leitos de UTI, em car\u00e1ter emergencial, at\u00e9 setembro. O an\u00fancio foi feito pelo secret\u00e1rio da Sa\u00fade, Osmar Terra, em reuni\u00e3o\u00a0na tarde desta quinta-feira (23), com os prefeitos de Uruguaiana, Sanchotene Felice, de Quara\u00ed, Jo\u00e3o Carlos Gediel, e de Barra [&hellip;]<\/p>\n","protected":false},"author":3,"featured_media":0,"comment_status":"open","ping_status":"open","sticky":false,"template":"","format":"standard","meta":{"tdm_status":"","tdm_grid_status":"","footnotes":""},"categories":[22,5],"tags":[],"class_list":{"0":"post-6358","1":"post","2":"type-post","3":"status-publish","4":"format-standard","6":"category-brasil","7":"category-saude-e-vida"},"_links":{"self":[{"href":"https:\/\/migracao.redenoticia.com.br\/noticia\/wp-json\/wp\/v2\/posts\/6358","targetHints":{"allow":["GET"]}}],"collection":[{"href":"https:\/\/migracao.redenoticia.com.br\/noticia\/wp-json\/wp\/v2\/posts"}],"about":[{"href":"https:\/\/migracao.redenoticia.com.br\/noticia\/wp-json\/wp\/v2\/types\/post"}],"author":[{"embeddable":true,"href":"https:\/\/migracao.redenoticia.com.br\/noticia\/wp-json\/wp\/v2\/users\/3"}],"replies":[{"embeddable":true,"href":"https:\/\/migracao.redenoticia.com.br\/noticia\/wp-json\/wp\/v2\/comments?post=6358"}],"version-history":[{"count":0,"href":"https:\/\/migracao.redenoticia.com.br\/noticia\/wp-json\/wp\/v2\/posts\/6358\/revisions"}],"wp:attachment":[{"href":"https:\/\/migracao.redenoticia.com.br\/noticia\/wp-json\/wp\/v2\/media?parent=6358"}],"wp:term":[{"taxonomy":"category","embeddable":true,"href":"https:\/\/migracao.redenoticia.com.br\/noticia\/wp-json\/wp\/v2\/categories?post=6358"},{"taxonomy":"post_tag","embeddable":true,"href":"https:\/\/migracao.redenoticia.com.br\/noticia\/wp-json\/wp\/v2\/tags?post=6358"}],"curies":[{"name":"wp","href":"https:\/\/api.w.org\/{rel}","templated":true}]}}