{"id":636,"date":"2009-04-16T19:48:27","date_gmt":"2009-04-16T23:48:27","guid":{"rendered":"http:\/\/www.redenoticia.com.br\/noticia\/2009\/04\/mantega-confirma-criao-de-linha-de-crdito-que-beneficia-indstria-de-carnes\/"},"modified":"2009-04-16T19:53:40","modified_gmt":"2009-04-16T23:53:40","slug":"mantega-confirma-criao-de-linha-de-crdito-que-beneficia-indstria-de-carnes","status":"publish","type":"post","link":"https:\/\/migracao.redenoticia.com.br\/noticia\/2009\/mantega-confirma-criao-de-linha-de-crdito-que-beneficia-indstria-de-carnes\/636","title":{"rendered":"Mantega confirma cria\u00e7\u00e3o de linha de cr\u00e9dito que beneficia ind\u00fastria de carnes"},"content":{"rendered":"<p><a href=\"http:\/\/www.agenciabrasil.gov.br\/media\/imagens\/2009\/04\/15\/1800VC5763.jpg\/view\"><img loading=\"lazy\" decoding=\"async\" style=\"border-right: 0px; border-top: 0px; display: inline; margin: 0px 20px 0px 0px; border-left: 0px; border-bottom: 0px\" title=\"Bras\u00edlia - O ministro da Fazenda, Guido Mantega, em entrevista coletiva anuncia uma mudan\u00e7a no Or\u00e7amento da Uni\u00e3o para permitir a utiliza\u00e7\u00e3o de parte dos recursos do super\u00e1vit prim\u00e1rio em investimentos Foto: Valter Campanato\/ABr\" src=\"http:\/\/stream.agenciabrasil.gov.br\/media\/imagens\/2009\/04\/15\/1800VC5763.image_media_vertical.jpg\" border=\"0\" alt=\"Bras\u00edlia - O ministro da Fazenda, Guido Mantega, em entrevista coletiva anuncia uma mudan\u00e7a no Or\u00e7amento da Uni\u00e3o para permitir a utiliza\u00e7\u00e3o de parte dos recursos do super\u00e1vit prim\u00e1rio em investimentos Foto: Valter Campanato\/ABr\" width=\"166\" height=\"243\" align=\"left\" \/><\/a>O ministro da Fazenda, Guido Mantega, confirmou h\u00e1 pouco a cria\u00e7\u00e3o de uma linha de cr\u00e9dito de R$ 10 bilh\u00f5es para financiar a agropecu\u00e1ria. O dinheiro beneficiar\u00e1 principalmente o capital de giro de empresas do setor de carnes.<\/p>\n<p>A decis\u00e3o foi tomada hoje (16) \u00e0 tarde pelo Conselho Monet\u00e1rio Nacional (CMN). Segundo Mantega, al\u00e9m de frigor\u00edficos, ser\u00e3o beneficiadas ind\u00fastrias de carne de porco, aves e carne bovina.<\/p>\n<p>O ministro disse que o cr\u00e9dito ser\u00e1 fornecido pelo Banco Nacional de Desenvolvimento Econ\u00f4mico e Social (BNDES) a partir de amanh\u00e3. Os juros ser\u00e3o de 11,25% ao ano.<\/p>\n<p>Mantega deu as informa\u00e7\u00f5es logo ap\u00f3s reuni\u00e3o extraordin\u00e1ria do CMN, de onde seguiu para uma reuni\u00e3o com o presidente Luiz In\u00e1cio Lula da Silva e o presidente do Banco Central, Henrique Meirelles.<\/p>\n<p>Wellton M\u00e1ximo<br \/>\n<em>Rep\u00f3rter da Ag\u00eancia Brasil<\/em><\/p>\n","protected":false},"excerpt":{"rendered":"<p>O ministro da Fazenda, Guido Mantega, confirmou h\u00e1 pouco a cria\u00e7\u00e3o de uma linha de cr\u00e9dito de R$ 10 bilh\u00f5es para financiar a agropecu\u00e1ria. O dinheiro beneficiar\u00e1 principalmente o capital de giro de empresas do setor de carnes. A decis\u00e3o foi tomada hoje (16) \u00e0 tarde pelo Conselho Monet\u00e1rio Nacional (CMN). Segundo Mantega, al\u00e9m de [&hellip;]<\/p>\n","protected":false},"author":2,"featured_media":0,"comment_status":"open","ping_status":"open","sticky":false,"template":"","format":"standard","meta":{"tdm_status":"","tdm_grid_status":"","footnotes":""},"categories":[7],"tags":[],"class_list":{"0":"post-636","1":"post","2":"type-post","3":"status-publish","4":"format-standard","6":"category-economia"},"_links":{"self":[{"href":"https:\/\/migracao.redenoticia.com.br\/noticia\/wp-json\/wp\/v2\/posts\/636","targetHints":{"allow":["GET"]}}],"collection":[{"href":"https:\/\/migracao.redenoticia.com.br\/noticia\/wp-json\/wp\/v2\/posts"}],"about":[{"href":"https:\/\/migracao.redenoticia.com.br\/noticia\/wp-json\/wp\/v2\/types\/post"}],"author":[{"embeddable":true,"href":"https:\/\/migracao.redenoticia.com.br\/noticia\/wp-json\/wp\/v2\/users\/2"}],"replies":[{"embeddable":true,"href":"https:\/\/migracao.redenoticia.com.br\/noticia\/wp-json\/wp\/v2\/comments?post=636"}],"version-history":[{"count":0,"href":"https:\/\/migracao.redenoticia.com.br\/noticia\/wp-json\/wp\/v2\/posts\/636\/revisions"}],"wp:attachment":[{"href":"https:\/\/migracao.redenoticia.com.br\/noticia\/wp-json\/wp\/v2\/media?parent=636"}],"wp:term":[{"taxonomy":"category","embeddable":true,"href":"https:\/\/migracao.redenoticia.com.br\/noticia\/wp-json\/wp\/v2\/categories?post=636"},{"taxonomy":"post_tag","embeddable":true,"href":"https:\/\/migracao.redenoticia.com.br\/noticia\/wp-json\/wp\/v2\/tags?post=636"}],"curies":[{"name":"wp","href":"https:\/\/api.w.org\/{rel}","templated":true}]}}