{"id":6361,"date":"2009-07-23T18:28:13","date_gmt":"2009-07-23T22:28:13","guid":{"rendered":"http:\/\/www.redenoticia.com.br\/noticia\/?p=6361"},"modified":"2009-07-23T18:28:13","modified_gmt":"2009-07-23T22:28:13","slug":"divida-publica-federal-atinge-r-1434-trilhao-em-junho","status":"publish","type":"post","link":"https:\/\/migracao.redenoticia.com.br\/noticia\/2009\/divida-publica-federal-atinge-r-1434-trilhao-em-junho\/6361","title":{"rendered":"D\u00edvida p\u00fablica Federal atinge R$ 1,434 trilh\u00e3o em junho"},"content":{"rendered":"<p><strong><\/strong>O aumento das emiss\u00f5es l\u00edquidas, a taxa de juros e a emiss\u00e3o de t\u00edtulos no valor de R$ 26 bilh\u00f5es referentes \u00e1 concess\u00e3o de cr\u00e9dito ao BNDES (MP 453\/2009) elevou em 3,33% o estoque da D\u00edvida P\u00fablica Federal (DPF) de R$ 1,388 trilh\u00e3o em maio para R$ 1,434 trilh\u00e3o em junho. Os n\u00fameros foram divulgados nesta quinta-feira pela Secretaria do Tesouro Nacional.<\/p>\n<p>Devido \u00e0 emiss\u00e3o l\u00edquida de R$ 36,10 bilh\u00f5es e \u00e0 apropria\u00e7\u00e3o positiva de juros, no valor de R$ 11,52 bilh\u00f5es, a D\u00edvida P\u00fablica Mobili\u00e1ria Federal interna (DPMFi) aumentou para R$ 1,321 trilh\u00e3o em junho, ante R$ 1,274 trilh\u00e3o no m\u00eas anterior, um aumento de 3,74%.<\/p>\n<p>A D\u00edvida P\u00fablica Federal Externa (DPFe) apresentou queda de 1,17% em rela\u00e7\u00e3o a maio, encerrando\u00a0 junho em R$ 111,73 bilh\u00f5es (US$ 57,76 bilh\u00f5es), sendo R$ 87,54 (R$ US$ 44,85 bilh\u00f5es) referentes \u00e0 d\u00edvida mobili\u00e1ria e R$ 25,19 bilh\u00f5es (US$ 12,91 bilh\u00f5es) \u00e0 d\u00edvida contratual. Conforme a Secretaria do Tesouro Nacional, a redu\u00e7\u00e3o foi conseq\u00fc\u00eancia da valoriza\u00e7\u00e3o do real e do resgate l\u00edquido ocorrido no per\u00edodo.<\/p>\n<p>Em junho, as emiss\u00f5es da DPF totalizaram R$ 68,93 bilh\u00f5es, dos quais R$ R$ 26 bilh\u00f5es destinados ao BNDES e R$ R$ 9 bilh\u00f5es ao mercado. O resgates somaram R$ 33,88 bilh\u00f5es, resultando em emiss\u00e3o l\u00edquida de R$ 35,05 bilh\u00f5es, sendo R$ 36,10 bilh\u00f5es referentes \u00e0 emiss\u00e3o l\u00edquida de DPMFi e R$ 1,05 bilh\u00e3o a resgate l\u00edquido da DPFe.<\/p>\n<p>Em junho, as emiss\u00f5es de t\u00edtulos da DPMFi alcan\u00e7aram R$ 68,89 bilh\u00f5es, dos quais R$ 50,20 bilh\u00f5es (72,86%) com remunera\u00e7\u00e3o prefixada, R$ 10 bilh\u00f5es (14,52%) indexadas \u00e1 taxa Selic e R$ 8,48 bilh\u00f5es (12,31%) remunerados por \u00edndices de pre\u00e7os.<\/p>\n<p><strong>BNDES<\/strong> &#8211; O coordenador geral de Opera\u00e7\u00f5es da D\u00edvida, Fernando Garrido, lembrou que, ao amparo da MP 453\/2009, o Tesouro Nacional emitiu um total de R$ 39 bilh\u00f5es ao BNDES este ano.<\/p>\n<p>A primeira emiss\u00e3o, no valor de R$ 13 bilh\u00f5es, ocorreu em mar\u00e7o. A MP permite a emiss\u00e3o de at\u00e9 R$ 100 bilh\u00f5es. \u201cCaso haja necessidade do BNDES e disponibilidade do Tesouro \u00e9 poss\u00edvel negociar novas emiss\u00f5es\u201d, afirmou Garrido.<\/p>\n<p>Ele acrescentou que, apesar do impacto no resultado de junho, a opera\u00e7\u00e3o ao BNDES, em termos de d\u00edvida, \u00e9 nula, porque a institui\u00e7\u00e3o financeira, em contrapartida \u00e0s emiss\u00f5es, torna-se imediatamente credor do Tesouro Nacional no mesmo montante.<\/p>\n<p><strong>Tesouro Direto<\/strong> \u2013 O coordenador comentou ainda o resultado do Tesouro Direto no m\u00eas de junho, que atingiu recorde para meses de junho, totalizando R$ 11 milh\u00f5es, um aumento de 113% na compara\u00e7\u00e3o com junho de 2008.<\/p>\n<p><strong>Investidor estrangeiro<\/strong> \u2013 Fernando Garrido destacou ainda o retorno gradual aos n\u00edveis pr\u00e9-crise da participa\u00e7\u00e3o estrangeira no estoque da d\u00edvida. Em junho, o percentual foi de 6,09%, ante 5,84% em maio. Antes dos impactos da crise, em meados de 2008, a participa\u00e7\u00e3o de n\u00e3o residentes\u00a0 atingiu o m\u00e1ximo de 7%.<\/p>\n<p>No final do segundo semestre caiu para 5,5% e agora o Tesouro verifica uma subida gradual. \u201cO perfil do investidor \u00e9 o mesmo do per\u00edodo anterior \u00e1 crise: s\u00e3o investidores institucionais que aplicam basicamente em pap\u00e9is de longo prazo, como fundos de pens\u00e3o e t\u00edtulos prefixados\u201d, comentou o coordenador.<\/p>\n<p><strong>Fonte:<\/strong> Assessoria de Comunica\u00e7\u00e3o Social &#8211; RFB\/PGFN\/GMF<\/p>\n","protected":false},"excerpt":{"rendered":"<p>O aumento das emiss\u00f5es l\u00edquidas, a taxa de juros e a emiss\u00e3o de t\u00edtulos no valor de R$ 26 bilh\u00f5es referentes \u00e1 concess\u00e3o de cr\u00e9dito ao BNDES (MP 453\/2009) elevou em 3,33% o estoque da D\u00edvida P\u00fablica Federal (DPF) de R$ 1,388 trilh\u00e3o em maio para R$ 1,434 trilh\u00e3o em junho. Os n\u00fameros foram divulgados [&hellip;]<\/p>\n","protected":false},"author":3,"featured_media":0,"comment_status":"open","ping_status":"open","sticky":false,"template":"","format":"standard","meta":{"tdm_status":"","tdm_grid_status":"","footnotes":""},"categories":[22,7],"tags":[],"class_list":{"0":"post-6361","1":"post","2":"type-post","3":"status-publish","4":"format-standard","6":"category-brasil","7":"category-economia"},"_links":{"self":[{"href":"https:\/\/migracao.redenoticia.com.br\/noticia\/wp-json\/wp\/v2\/posts\/6361","targetHints":{"allow":["GET"]}}],"collection":[{"href":"https:\/\/migracao.redenoticia.com.br\/noticia\/wp-json\/wp\/v2\/posts"}],"about":[{"href":"https:\/\/migracao.redenoticia.com.br\/noticia\/wp-json\/wp\/v2\/types\/post"}],"author":[{"embeddable":true,"href":"https:\/\/migracao.redenoticia.com.br\/noticia\/wp-json\/wp\/v2\/users\/3"}],"replies":[{"embeddable":true,"href":"https:\/\/migracao.redenoticia.com.br\/noticia\/wp-json\/wp\/v2\/comments?post=6361"}],"version-history":[{"count":0,"href":"https:\/\/migracao.redenoticia.com.br\/noticia\/wp-json\/wp\/v2\/posts\/6361\/revisions"}],"wp:attachment":[{"href":"https:\/\/migracao.redenoticia.com.br\/noticia\/wp-json\/wp\/v2\/media?parent=6361"}],"wp:term":[{"taxonomy":"category","embeddable":true,"href":"https:\/\/migracao.redenoticia.com.br\/noticia\/wp-json\/wp\/v2\/categories?post=6361"},{"taxonomy":"post_tag","embeddable":true,"href":"https:\/\/migracao.redenoticia.com.br\/noticia\/wp-json\/wp\/v2\/tags?post=6361"}],"curies":[{"name":"wp","href":"https:\/\/api.w.org\/{rel}","templated":true}]}}