{"id":6363,"date":"2009-07-23T18:37:44","date_gmt":"2009-07-23T22:37:44","guid":{"rendered":"http:\/\/www.redenoticia.com.br\/noticia\/?p=6363"},"modified":"2009-07-23T18:37:44","modified_gmt":"2009-07-23T22:37:44","slug":"mma-quer-casas-do-programa-%e2%80%9cminha-casa-minha-vida%e2%80%9d-com-aquecimento-solar","status":"publish","type":"post","link":"https:\/\/migracao.redenoticia.com.br\/noticia\/2009\/mma-quer-casas-do-programa-%e2%80%9cminha-casa-minha-vida%e2%80%9d-com-aquecimento-solar\/6363","title":{"rendered":"MMA quer casas do programa \u201cMinha Casa, Minha Vida\u201d com aquecimento solar"},"content":{"rendered":"<p>O Minist\u00e9rio do Meio Ambiente (MMA) instituiu\u00a0 o Grupo de Trabalho que vai definir os crit\u00e9rios de instala\u00e7\u00e3o de equipamentos de aquecimento solar de \u00e1gua nas casas do programa Minha Casa Minha Vida, o PAC da habita\u00e7\u00e3o, que dever\u00e1 construir 1 milh\u00e3o de moradias para popula\u00e7\u00f5es de baixa renda.<\/p>\n<p>O menor impacto ambiental e a menor degrada\u00e7\u00e3o dos recursos naturais, com a redu\u00e7\u00e3o das emiss\u00f5es de gases de efeito estufa s\u00e3o os benef\u00edcios imediatos da substitui\u00e7\u00e3o de chuveiro el\u00e9tricos, comumente apontados como vil\u00f5es tamb\u00e9m do consumo dom\u00e9stico de eletricidade, o que acaba contribuindo para a demanda por constru\u00e7\u00e3o de novas hidrel\u00e9tricas.<\/p>\n<p>O aquecimento solar t\u00e9rmico nas casas do programa habitacional foi proposto pelo MMA h\u00e1 seis meses e dever\u00e1 contemplar inicialmente as regi\u00f5es sul, sudeste e centro-oeste, de acordo com a demanda. At\u00e9 o final de agosto, o GT pretende ouvir representantes do setor da constru\u00e7\u00e3o civil, para definir a melhor forma de integrar o sistema \u00e0s constru\u00e7\u00f5es das casa populares.<\/p>\n<p>Al\u00e9m de entregar o equipamento instalado, o programa dever\u00e1 promover a capacita\u00e7\u00e3o das popula\u00e7\u00f5es beneficiadas para manuten\u00e7\u00e3o e limpeza dos aquecedores, al\u00e9m encontrar a melhor solu\u00e7\u00e3o para a minimiza\u00e7\u00e3o do impacto dos custos do sistema no pre\u00e7o final de cada unidade.<\/p>\n<p>O GT tem 15 meses, a partir da pulica\u00e7\u00e3o no Di\u00e1rio Oficial (22\/07)\u00a0para apresentar plano de trabalho e, ap\u00f3s a sua implementa\u00e7\u00e3o, dever\u00e1 avaliar os resultados obtidos na execu\u00e7\u00e3o das medidas planejadas, conforme cronograma a ser aprovado, apresentando relat\u00f3rios dos resultados e sugest\u00f5es para novas etapas.<\/p>\n<p>Ter\u00e3o acento no grupo, al\u00e9m dos minist\u00e9rios do Meio Ambiente, Cidades, Minas e Energia, a Caixa Econ\u00f4mica Federal, o Inmetro e Centro Brasileiro para o Desenvolvimento da Energia Solar T\u00e9rmica (Grenn), da Pontif\u00edcia Universidade Cat\u00f3lica de Minas Gerais. A Associa\u00e7\u00e3o Brasileira de Refrigera\u00e7\u00e3o (Abrava) e a Ag\u00eancia Alem\u00e3 de Coopera\u00e7\u00e3o T\u00e9cnica (GTZ) atuar\u00e3o como convidadas, podendo, ainda, serem convocados outros setores, a exemplo da constru\u00e7\u00e3o civil.<\/p>\n<p><em>ASCOM <\/em><\/p>\n","protected":false},"excerpt":{"rendered":"<p>O Minist\u00e9rio do Meio Ambiente (MMA) instituiu\u00a0 o Grupo de Trabalho que vai definir os crit\u00e9rios de instala\u00e7\u00e3o de equipamentos de aquecimento solar de \u00e1gua nas casas do programa Minha Casa Minha Vida, o PAC da habita\u00e7\u00e3o, que dever\u00e1 construir 1 milh\u00e3o de moradias para popula\u00e7\u00f5es de baixa renda. O menor impacto ambiental e a [&hellip;]<\/p>\n","protected":false},"author":3,"featured_media":0,"comment_status":"open","ping_status":"open","sticky":false,"template":"","format":"standard","meta":{"tdm_status":"","tdm_grid_status":"","footnotes":""},"categories":[22,7],"tags":[],"class_list":{"0":"post-6363","1":"post","2":"type-post","3":"status-publish","4":"format-standard","6":"category-brasil","7":"category-economia"},"_links":{"self":[{"href":"https:\/\/migracao.redenoticia.com.br\/noticia\/wp-json\/wp\/v2\/posts\/6363","targetHints":{"allow":["GET"]}}],"collection":[{"href":"https:\/\/migracao.redenoticia.com.br\/noticia\/wp-json\/wp\/v2\/posts"}],"about":[{"href":"https:\/\/migracao.redenoticia.com.br\/noticia\/wp-json\/wp\/v2\/types\/post"}],"author":[{"embeddable":true,"href":"https:\/\/migracao.redenoticia.com.br\/noticia\/wp-json\/wp\/v2\/users\/3"}],"replies":[{"embeddable":true,"href":"https:\/\/migracao.redenoticia.com.br\/noticia\/wp-json\/wp\/v2\/comments?post=6363"}],"version-history":[{"count":0,"href":"https:\/\/migracao.redenoticia.com.br\/noticia\/wp-json\/wp\/v2\/posts\/6363\/revisions"}],"wp:attachment":[{"href":"https:\/\/migracao.redenoticia.com.br\/noticia\/wp-json\/wp\/v2\/media?parent=6363"}],"wp:term":[{"taxonomy":"category","embeddable":true,"href":"https:\/\/migracao.redenoticia.com.br\/noticia\/wp-json\/wp\/v2\/categories?post=6363"},{"taxonomy":"post_tag","embeddable":true,"href":"https:\/\/migracao.redenoticia.com.br\/noticia\/wp-json\/wp\/v2\/tags?post=6363"}],"curies":[{"name":"wp","href":"https:\/\/api.w.org\/{rel}","templated":true}]}}