{"id":6370,"date":"2009-07-23T20:15:07","date_gmt":"2009-07-24T00:15:07","guid":{"rendered":"http:\/\/www.redenoticia.com.br\/noticia\/?p=6370"},"modified":"2009-07-23T20:15:07","modified_gmt":"2009-07-24T00:15:07","slug":"feira-do-empreendedorismo-no-julio-guerra-em-ji-parana","status":"publish","type":"post","link":"https:\/\/migracao.redenoticia.com.br\/noticia\/2009\/feira-do-empreendedorismo-no-julio-guerra-em-ji-parana\/6370","title":{"rendered":"Feira do Empreendedorismo no Julio Guerra em Ji-Paran\u00e1"},"content":{"rendered":"<p>O Governo de Rond\u00f4nia sugeriu a implanta\u00e7\u00e3o do desenvolvimento do empreendedorismo nas escolas estaduais. A Escola Estadual JULIO GUERRA em Ji-Paran\u00e1 implantou o projeto que vem causando grande impacto nos alunos do ensino m\u00e9dio.<\/p>\n<p>A palavra Empreendedorismo geralmente \u00e9 associada \u00e0 capacidade decriar e gerir empresas, aproveitar oportunidades, ter sucesso, gerar emprego, renda e riqueza. Mas Empreendedorismo vai muito mais al\u00e9m do que tudo isso. Pressup\u00f5e, acima de tudo, a realiza\u00e7\u00e3o do indiv\u00edduo por meio de atitudes de Inquieta\u00e7\u00e3o, ousadia e pro atividade na sua rela\u00e7\u00e3o com o mundo.<\/p>\n<p>Define-se tamb\u00e9m, como o tipo de comportamento que favorece a interfer\u00eancia criativa e realizadora no meio, em busca de um crescimento pessoal e coletivo, atrav\u00e9s do desenvolvimento da capacidade intelectual para investigar e solucionar problemas, tomar decis\u00f5es, ter iniciativa e orienta\u00e7\u00e3o inovadora, compet\u00eancias essas, cada vez mais exigidas na forma\u00e7\u00e3o profissional e valorizadas no mundo do trabalho.<\/p>\n<p>O per\u00edodo de ensino m\u00e9dio coincide com um momento de inquieta\u00e7\u00f5es na vida dos jovens, que atravessam uma fase de transi\u00e7\u00e3o entre a adolesc\u00eancia e a vida adulta, marcada por uma s\u00e9rie de questionamentos conflitantes do tipo: como se preparar para o futuro profissional, num mundo cada vez mais competitivo e sem empregos? Quais as perspectivas econ\u00f4micas mundiais, que nortear\u00e3o a minha vida profissional e pessoal? Que rumo seguir quando sair da escola? Onde e como buscar um meio de renda? Essas e tantas outras indaga\u00e7\u00f5es permeiam o subconsciente dos jovens.<\/p>\n<p>Por isso que a escola adotou esse projeto como um plano de mudan\u00e7a na vida dos jovens, e vem colocando em pratica a tr\u00eas anos consecutivos. E esse ano n\u00e3o vai ser diferente, acontece mais uma grande festa no s\u00e1bado dia 1 de agosto de 2009, vai contar com mais de 40 empresas de diversos ramos.<\/p>\n<p>A escola Julio Guerra\u00a0 conta com a presen\u00e7a de todos.<\/p>\n<p>Luiz Enrik<\/p>\n<p>Aluno Rep\u00f3rter<\/p>\n","protected":false},"excerpt":{"rendered":"<p>O Governo de Rond\u00f4nia sugeriu a implanta\u00e7\u00e3o do desenvolvimento do empreendedorismo nas escolas estaduais. A Escola Estadual JULIO GUERRA em Ji-Paran\u00e1 implantou o projeto que vem causando grande impacto nos alunos do ensino m\u00e9dio. A palavra Empreendedorismo geralmente \u00e9 associada \u00e0 capacidade decriar e gerir empresas, aproveitar oportunidades, ter sucesso, gerar emprego, renda e riqueza. [&hellip;]<\/p>\n","protected":false},"author":3,"featured_media":0,"comment_status":"open","ping_status":"open","sticky":false,"template":"","format":"standard","meta":{"tdm_status":"","tdm_grid_status":"","footnotes":""},"categories":[22],"tags":[],"class_list":{"0":"post-6370","1":"post","2":"type-post","3":"status-publish","4":"format-standard","6":"category-brasil"},"_links":{"self":[{"href":"https:\/\/migracao.redenoticia.com.br\/noticia\/wp-json\/wp\/v2\/posts\/6370","targetHints":{"allow":["GET"]}}],"collection":[{"href":"https:\/\/migracao.redenoticia.com.br\/noticia\/wp-json\/wp\/v2\/posts"}],"about":[{"href":"https:\/\/migracao.redenoticia.com.br\/noticia\/wp-json\/wp\/v2\/types\/post"}],"author":[{"embeddable":true,"href":"https:\/\/migracao.redenoticia.com.br\/noticia\/wp-json\/wp\/v2\/users\/3"}],"replies":[{"embeddable":true,"href":"https:\/\/migracao.redenoticia.com.br\/noticia\/wp-json\/wp\/v2\/comments?post=6370"}],"version-history":[{"count":0,"href":"https:\/\/migracao.redenoticia.com.br\/noticia\/wp-json\/wp\/v2\/posts\/6370\/revisions"}],"wp:attachment":[{"href":"https:\/\/migracao.redenoticia.com.br\/noticia\/wp-json\/wp\/v2\/media?parent=6370"}],"wp:term":[{"taxonomy":"category","embeddable":true,"href":"https:\/\/migracao.redenoticia.com.br\/noticia\/wp-json\/wp\/v2\/categories?post=6370"},{"taxonomy":"post_tag","embeddable":true,"href":"https:\/\/migracao.redenoticia.com.br\/noticia\/wp-json\/wp\/v2\/tags?post=6370"}],"curies":[{"name":"wp","href":"https:\/\/api.w.org\/{rel}","templated":true}]}}