{"id":6373,"date":"2009-07-23T20:27:24","date_gmt":"2009-07-24T00:27:24","guid":{"rendered":"http:\/\/www.redenoticia.com.br\/noticia\/?p=6373"},"modified":"2009-07-23T20:27:46","modified_gmt":"2009-07-24T00:27:46","slug":"mais-um-acidente-na-rua-manoel-franco-em-ji-parana-aonde-esta-a-sinalizacao","status":"publish","type":"post","link":"https:\/\/migracao.redenoticia.com.br\/noticia\/2009\/mais-um-acidente-na-rua-manoel-franco-em-ji-parana-aonde-esta-a-sinalizacao\/6373","title":{"rendered":"Mais um acidente na Rua Manoel Franco em Ji-Paran\u00e1. Aonde esta a sinaliza\u00e7\u00e3o?"},"content":{"rendered":"<p>Mais um acidente se repete na Rua Manoel Franco com a T8 em Ji-Paran\u00e1. A colis\u00e3o de duas motos, uma BIS 125 e uma STX , ocasionou uma trag\u00e9dia.<\/p>\n<p>O acidente causou dois feridos. Um dos feridos foi encaminhado para o Hospital Municipal \u201cSESP\u201d com fraturas graves na cabe\u00e7a e no bra\u00e7o, sendo que o motoqueiro que estava vindo logo atr\u00e1s afirma que o capacete saiu da cabe\u00e7a do acidentado ao cair no ch\u00e3o.<\/p>\n<p>O outro ferido teve fraturas leves, mas esperou os bombeiros chegarem para ele poder levantar e fazer os primeiros socorros.<\/p>\n<p>O perigo ficou maior ainda quando come\u00e7ou a derramar gasolina de uma das motos.<\/p>\n<p>Moradores da regi\u00e3o reclamaram da falta de sinaliza\u00e7\u00e3o na esquina, e confirmam que j\u00e1 houveram v\u00e1rios acidentes, s\u00f3 neste m\u00eas.<\/p>\n<p>Uma das moradoras que n\u00e3o quis se identificar disse:\u201dTa de mais essa esquina, toda vez fico pensando que talvez possa ser meu filho, cad\u00ea a sinaliza\u00e7\u00e3o\u201d.<\/p>\n<p>Nota do redator: Fui um dos primeiros a estar no local, fiz o chamado do corpo de bombeiro, em 10 minutos j\u00e1 estavam presente ao local. Agradecemos a eles pelo bom trabalho.<br \/>\nLuiz Enrik<\/p>\n<p>Aluno Rep\u00f3rter<\/p>\n","protected":false},"excerpt":{"rendered":"<p>Mais um acidente se repete na Rua Manoel Franco com a T8 em Ji-Paran\u00e1. A colis\u00e3o de duas motos, uma BIS 125 e uma STX , ocasionou uma trag\u00e9dia. O acidente causou dois feridos. Um dos feridos foi encaminhado para o Hospital Municipal \u201cSESP\u201d com fraturas graves na cabe\u00e7a e no bra\u00e7o, sendo que o [&hellip;]<\/p>\n","protected":false},"author":3,"featured_media":0,"comment_status":"open","ping_status":"open","sticky":false,"template":"","format":"standard","meta":{"tdm_status":"","tdm_grid_status":"","footnotes":""},"categories":[22],"tags":[],"class_list":{"0":"post-6373","1":"post","2":"type-post","3":"status-publish","4":"format-standard","6":"category-brasil"},"_links":{"self":[{"href":"https:\/\/migracao.redenoticia.com.br\/noticia\/wp-json\/wp\/v2\/posts\/6373","targetHints":{"allow":["GET"]}}],"collection":[{"href":"https:\/\/migracao.redenoticia.com.br\/noticia\/wp-json\/wp\/v2\/posts"}],"about":[{"href":"https:\/\/migracao.redenoticia.com.br\/noticia\/wp-json\/wp\/v2\/types\/post"}],"author":[{"embeddable":true,"href":"https:\/\/migracao.redenoticia.com.br\/noticia\/wp-json\/wp\/v2\/users\/3"}],"replies":[{"embeddable":true,"href":"https:\/\/migracao.redenoticia.com.br\/noticia\/wp-json\/wp\/v2\/comments?post=6373"}],"version-history":[{"count":0,"href":"https:\/\/migracao.redenoticia.com.br\/noticia\/wp-json\/wp\/v2\/posts\/6373\/revisions"}],"wp:attachment":[{"href":"https:\/\/migracao.redenoticia.com.br\/noticia\/wp-json\/wp\/v2\/media?parent=6373"}],"wp:term":[{"taxonomy":"category","embeddable":true,"href":"https:\/\/migracao.redenoticia.com.br\/noticia\/wp-json\/wp\/v2\/categories?post=6373"},{"taxonomy":"post_tag","embeddable":true,"href":"https:\/\/migracao.redenoticia.com.br\/noticia\/wp-json\/wp\/v2\/tags?post=6373"}],"curies":[{"name":"wp","href":"https:\/\/api.w.org\/{rel}","templated":true}]}}