{"id":6377,"date":"2009-07-24T11:00:52","date_gmt":"2009-07-24T15:00:52","guid":{"rendered":"http:\/\/www.redenoticia.com.br\/noticia\/?p=6377"},"modified":"2009-07-24T14:45:55","modified_gmt":"2009-07-24T18:45:55","slug":"ji-parana-promove-o-segundo-domingo-total","status":"publish","type":"post","link":"https:\/\/migracao.redenoticia.com.br\/noticia\/2009\/ji-parana-promove-o-segundo-domingo-total\/6377","title":{"rendered":"Ji-Paran\u00e1 promove o segundo Domingo Total"},"content":{"rendered":"<p>Acontecer\u00e1\u00a0no pr\u00f3ximo dia 26 a 2\u00aa\u00a0edi\u00e7\u00e3o do Domingo Total em Ji-Paran\u00e1. O evento, que ser\u00e1\u00a0realizado na Escola Estadual de Ensino Fundamental Juscelino Kubtschek, localizada \u00e0\u00a0Rua Coronel Jorge Teixeira, 827, bairro Nova Bras\u00edlia, das 8 \u00e0s 12 horas, \u00e9 promovido pela Secretaria Municipal de A\u00e7\u00e3o Social (Semas), em parceria com o Governo do Estado.<\/p>\n<p>Na primeira edi\u00e7\u00e3o do Domingo Total deste ano, que aconteceu no dia 14 do m\u00eas de junho, foram atendidas cerca de 1.200 pessoas do bairro Santiago e adjac\u00eancias. Para esta 2\u00aa edi\u00e7\u00e3o, ser\u00e3o disponibilizados os mesmos servi\u00e7os. Entre eles podemos destacar a emiss\u00e3o de carteiras de identidade, CPF\u2019s, certid\u00f5es de nascimento, carteiras de trabalho e t\u00edtulos de eleitor.<\/p>\n<p>De acordo com a secret\u00e1ria de A\u00e7\u00e3o Social, S\u00f4nia Reigota, o Domingo Total \u00e9\u00a0o momento que a comunidade tem para regularizar algumas situa\u00e7\u00f5es pessoais e n\u00e3o podem faz\u00ea-la durante os dias \u00fateis, por este motivo foi escolhido o domingo, facilitando a vida da popula\u00e7\u00e3o ji-paranaense.<\/p>\n<p>A Semas trabalhar\u00e1\u00a0 com informa\u00e7\u00f5es sobre o Programa de Habita\u00e7\u00e3o \u201cMinha Casa, Minha Vida\u201d, o Programa de Enfrentamento e Combate \u00e0 Explora\u00e7\u00e3o infantil, Projeto Roda Moinho e o Programa Bolsa Fam\u00edlia. O Pro \u2013 Jovem Adolescente e Peti trabalhar\u00e3o com informa\u00e7\u00f5es sobre o programa e novos cadastros, e o Conselho Tutelar com atendimento e informa\u00e7\u00f5es gerais para a comunidade.<\/p>\n<p>A Secretaria Municipal de Sa\u00fade estar\u00e1\u00a0presente oferecendo vacinas, realizando a emiss\u00e3o de carteira do SUS, medi\u00e7\u00e3o de press\u00e3o arterial, exames de glicose, servi\u00e7os odontol\u00f3gicos, atendimento cl\u00ednico e distribui\u00e7\u00e3o de hipoclorito de s\u00f3dio para po\u00e7os e caixas d\u2019\u00e1gua.<\/p>\n<p>A Secretaria Municipal de Educa\u00e7\u00e3o (Semed) trabalhar\u00e1\u00a0com uma sala especial para crian\u00e7as disponibilizando literatura infantil, laborat\u00f3rio de inform\u00e1tica e jogos pedag\u00f3gicos. A Secretaria Municipal de Esportes (Semes) ser\u00e1 respons\u00e1vel pela recrea\u00e7\u00e3o para crian\u00e7as e jovens. A Secretaria Municipal de Fazenda (Semfaz) estar\u00e1 orientando \u00e0 comunidade quanto a regulariza\u00e7\u00e3o fundi\u00e1ria e IPTU.<\/p>\n<p>Al\u00e9m da Delegacia Estadual de Sa\u00fade, tamb\u00e9m estar\u00e1\u00a0colaborando com o evento a 3\u00ba\u00a0Ciretran, Ceulji\/Ulbra, Unijipa, Unopar, 2\u00ba\u00a0Batalh\u00e3o da Pol\u00edcia Militar, 2\u00ba\u00a0Agrupamento de Bombeiros e Secretaria de Estado de Meio Ambiente.<\/p>\n","protected":false},"excerpt":{"rendered":"<p>Acontecer\u00e1\u00a0no pr\u00f3ximo dia 26 a 2\u00aa\u00a0edi\u00e7\u00e3o do Domingo Total em Ji-Paran\u00e1. O evento, que ser\u00e1\u00a0realizado na Escola Estadual de Ensino Fundamental Juscelino Kubtschek, localizada \u00e0\u00a0Rua Coronel Jorge Teixeira, 827, bairro Nova Bras\u00edlia, das 8 \u00e0s 12 horas, \u00e9 promovido pela Secretaria Municipal de A\u00e7\u00e3o Social (Semas), em parceria com o Governo do Estado. Na primeira [&hellip;]<\/p>\n","protected":false},"author":2,"featured_media":0,"comment_status":"open","ping_status":"open","sticky":false,"template":"","format":"standard","meta":{"tdm_status":"","tdm_grid_status":"","footnotes":""},"categories":[22],"tags":[],"class_list":{"0":"post-6377","1":"post","2":"type-post","3":"status-publish","4":"format-standard","6":"category-brasil"},"_links":{"self":[{"href":"https:\/\/migracao.redenoticia.com.br\/noticia\/wp-json\/wp\/v2\/posts\/6377","targetHints":{"allow":["GET"]}}],"collection":[{"href":"https:\/\/migracao.redenoticia.com.br\/noticia\/wp-json\/wp\/v2\/posts"}],"about":[{"href":"https:\/\/migracao.redenoticia.com.br\/noticia\/wp-json\/wp\/v2\/types\/post"}],"author":[{"embeddable":true,"href":"https:\/\/migracao.redenoticia.com.br\/noticia\/wp-json\/wp\/v2\/users\/2"}],"replies":[{"embeddable":true,"href":"https:\/\/migracao.redenoticia.com.br\/noticia\/wp-json\/wp\/v2\/comments?post=6377"}],"version-history":[{"count":0,"href":"https:\/\/migracao.redenoticia.com.br\/noticia\/wp-json\/wp\/v2\/posts\/6377\/revisions"}],"wp:attachment":[{"href":"https:\/\/migracao.redenoticia.com.br\/noticia\/wp-json\/wp\/v2\/media?parent=6377"}],"wp:term":[{"taxonomy":"category","embeddable":true,"href":"https:\/\/migracao.redenoticia.com.br\/noticia\/wp-json\/wp\/v2\/categories?post=6377"},{"taxonomy":"post_tag","embeddable":true,"href":"https:\/\/migracao.redenoticia.com.br\/noticia\/wp-json\/wp\/v2\/tags?post=6377"}],"curies":[{"name":"wp","href":"https:\/\/api.w.org\/{rel}","templated":true}]}}