{"id":6381,"date":"2009-07-24T11:06:04","date_gmt":"2009-07-24T15:06:04","guid":{"rendered":"http:\/\/www.redenoticia.com.br\/noticia\/?p=6381"},"modified":"2009-07-24T11:06:04","modified_gmt":"2009-07-24T15:06:04","slug":"da-farofa-ao-caviar-quadra-da-vai-vai-recebe-desfile-da-daspu-nesta-segunda-feira-dia-27","status":"publish","type":"post","link":"https:\/\/migracao.redenoticia.com.br\/noticia\/2009\/da-farofa-ao-caviar-quadra-da-vai-vai-recebe-desfile-da-daspu-nesta-segunda-feira-dia-27\/6381","title":{"rendered":"Da farofa ao caviar: Quadra da Vai-Vai recebe desfile da Daspu nesta segunda-feira, dia 27"},"content":{"rendered":"<p>Nesta segunda-feira, dia 27\/07, \u00e0s 19 horas, a quadra da Vai-Vai ser\u00e1 palco do lan\u00e7amento da\u00a0<em>Cole\u00e7\u00e3o Ver\u00e3o 2010 da<\/em> Daspu, marca criada pela ONG Davida.<\/p>\n<p>Intitulado\u00a0<em>Da Farofa ao Caviar<\/em>, o desfile promete ter muita anima\u00e7\u00e3o ao som dos ritmistas da Vai-Vai, classificada como &#8220;a bateria viril, de pegada quente&#8221; pelo presidente da escola Thobias da Vai-Vai, que j\u00e1 garantiu a sua presen\u00e7a na passarela, desfilando com os 13 t\u00edtulos da agremia\u00e7\u00e3o.<\/p>\n<p>A entrada \u00e9 gratuita.<\/p>\n<p><strong> <\/strong><\/p>\n<p><strong>Servi\u00e7o<\/strong><\/p>\n<p>Lan\u00e7amento da cole\u00e7\u00e3o ver\u00e3o\/10 da Daspu na Vai-Vai<br \/>\nData: 27 de julho, a partir de 19h<br \/>\nEndere\u00e7o: Rua S\u00e3o Vicente 276, na Bela Vista \u2013 S\u00e3o Paulo<br \/>\nEntrada gratuita<\/p>\n","protected":false},"excerpt":{"rendered":"<p>Nesta segunda-feira, dia 27\/07, \u00e0s 19 horas, a quadra da Vai-Vai ser\u00e1 palco do lan\u00e7amento da\u00a0Cole\u00e7\u00e3o Ver\u00e3o 2010 da Daspu, marca criada pela ONG Davida. Intitulado\u00a0Da Farofa ao Caviar, o desfile promete ter muita anima\u00e7\u00e3o ao som dos ritmistas da Vai-Vai, classificada como &#8220;a bateria viril, de pegada quente&#8221; pelo presidente da escola Thobias da [&hellip;]<\/p>\n","protected":false},"author":2,"featured_media":0,"comment_status":"open","ping_status":"open","sticky":false,"template":"","format":"standard","meta":{"tdm_status":"","tdm_grid_status":"","footnotes":""},"categories":[22],"tags":[],"class_list":{"0":"post-6381","1":"post","2":"type-post","3":"status-publish","4":"format-standard","6":"category-brasil"},"_links":{"self":[{"href":"https:\/\/migracao.redenoticia.com.br\/noticia\/wp-json\/wp\/v2\/posts\/6381","targetHints":{"allow":["GET"]}}],"collection":[{"href":"https:\/\/migracao.redenoticia.com.br\/noticia\/wp-json\/wp\/v2\/posts"}],"about":[{"href":"https:\/\/migracao.redenoticia.com.br\/noticia\/wp-json\/wp\/v2\/types\/post"}],"author":[{"embeddable":true,"href":"https:\/\/migracao.redenoticia.com.br\/noticia\/wp-json\/wp\/v2\/users\/2"}],"replies":[{"embeddable":true,"href":"https:\/\/migracao.redenoticia.com.br\/noticia\/wp-json\/wp\/v2\/comments?post=6381"}],"version-history":[{"count":0,"href":"https:\/\/migracao.redenoticia.com.br\/noticia\/wp-json\/wp\/v2\/posts\/6381\/revisions"}],"wp:attachment":[{"href":"https:\/\/migracao.redenoticia.com.br\/noticia\/wp-json\/wp\/v2\/media?parent=6381"}],"wp:term":[{"taxonomy":"category","embeddable":true,"href":"https:\/\/migracao.redenoticia.com.br\/noticia\/wp-json\/wp\/v2\/categories?post=6381"},{"taxonomy":"post_tag","embeddable":true,"href":"https:\/\/migracao.redenoticia.com.br\/noticia\/wp-json\/wp\/v2\/tags?post=6381"}],"curies":[{"name":"wp","href":"https:\/\/api.w.org\/{rel}","templated":true}]}}