{"id":6384,"date":"2009-07-24T11:16:52","date_gmt":"2009-07-24T15:16:52","guid":{"rendered":"http:\/\/www.redenoticia.com.br\/noticia\/?p=6384"},"modified":"2009-07-24T11:16:52","modified_gmt":"2009-07-24T15:16:52","slug":"mec-plataforma-freire-orienta-professores-sobre-pre-inscricao-ao-plano-de-formacao-superior","status":"publish","type":"post","link":"https:\/\/migracao.redenoticia.com.br\/noticia\/2009\/mec-plataforma-freire-orienta-professores-sobre-pre-inscricao-ao-plano-de-formacao-superior\/6384","title":{"rendered":"MEC Plataforma Freire orienta professores sobre pr\u00e9-inscri\u00e7\u00e3o ao plano de forma\u00e7\u00e3o superior"},"content":{"rendered":"<p>O Minist\u00e9rio da Educa\u00e7\u00e3o (MEC) enviou mensagem hoje (24), ao site REDENOT\u00cdCIA, para esclarecer d\u00favidas dos professores de todo o Brasil quanto \u00e0 pr\u00e9-inscri\u00e7\u00e3o em cursos de forma\u00e7\u00e3o superior na Plataforma Freire. Segundo o MEC, o 1\u00ba Plano Nacional de Forma\u00e7\u00e3o dos Professores da Educa\u00e7\u00e3o B\u00e1sica \u00e9 resultado de um conjunto de a\u00e7\u00f5es do Minist\u00e9rio da Educa\u00e7\u00e3o (MEC), por meio dos F\u00f3runs Estaduais Permanentes de Apoio \u00e0 Forma\u00e7\u00e3o Docente, em colabora\u00e7\u00e3o com as Secretarias de Educa\u00e7\u00e3o dos Estados e Munic\u00edpios e das Institui\u00e7\u00f5es P\u00fablicas de Educa\u00e7\u00e3o Superior (IPES) neles sediadas.<\/p>\n<p>O Plano \u00e9 destinado aos professores <strong>em exerc\u00edcio<\/strong> das escolas p\u00fablicas estaduais e municipais, sem forma\u00e7\u00e3o adequada \u00e0 Lei de Diretrizes e Bases da Educa\u00e7\u00e3o Brasileira (LDB), de 1996.<\/p>\n<p>Na 1\u00aa etapa, <strong>21 estados<\/strong> aderiram ao Plano: Alagoas, Amazonas, Amap\u00e1, Bahia, Cear\u00e1, Esp\u00edrito Santo, Goi\u00e1s, Maranh\u00e3o, Mato Grosso, Mato Grosso do Sul, Par\u00e1, Para\u00edba, Pernambuco, Piau\u00ed, Paran\u00e1, Rio de janeiro, Rio Grande do Norte, Roraima, Santa Catarina, Sergipe e Tocantins. As demais unidades federativas poder\u00e3o aderir em etapa posterior, para a forma\u00e7\u00e3o inicial ou continuada de seus professores.<\/p>\n<p>Nos 21 Estados, est\u00e3o sendo oferecidas cerca de 330 mil vagas, pelas universidades p\u00fablicas federais, estaduais e pelos institutos federais.<\/p>\n<p>O professor sem forma\u00e7\u00e3o adequada \u00e0 LDB poder\u00e1 se formar em n\u00edvel superior pelo Plano nos cursos seguintes:<\/p>\n<p>a) 1\u00aa licenciatura, para professores sem gradua\u00e7\u00e3o;<\/p>\n<p>b) 2\u00aa licenciatura, para professores que atuam fora de sua \u00e1rea de forma\u00e7\u00e3o;<\/p>\n<p>c) Forma\u00e7\u00e3o pedag\u00f3gica, para bachar\u00e9is sem licenciatura.<\/p>\n<p>As institui\u00e7\u00f5es formadoras t\u00eam autonomia para decidir o processo seletivo, que pode ser tradicional ou por sorteio eletr\u00f4nico de vagas realizado pelo MEC, sendo estimulada a destina\u00e7\u00e3o priorit\u00e1ria a professores em exerc\u00edcio das escolas p\u00fablicas.<\/p>\n<p>Os cursos ser\u00e3o oferecidos tanto na modalidade presencial como a dist\u00e2ncia.<\/p>\n<p>Todas as licenciaturas das \u00e1reas de conhecimento ministradas na educa\u00e7\u00e3o b\u00e1sica ser\u00e3o contempladas no programa e as ofertas de cursos do Plano come\u00e7am no segundo semestre de 2009.<\/p>\n<p>Os cursos ser\u00e3o gratuitos para os professores em exerc\u00edcio das escolas p\u00fablicas e as institui\u00e7\u00f5es formadoras receber\u00e3o recursos adicionais do MEC para participarem do Plano.<\/p>\n<p>Para mais informa\u00e7\u00f5es, o professor deve entrar em contato com a <strong>Secretaria de Educa\u00e7\u00e3o do seu Estado ou Munic\u00edpio.<\/strong><\/p>\n","protected":false},"excerpt":{"rendered":"<p>O Minist\u00e9rio da Educa\u00e7\u00e3o (MEC) enviou mensagem hoje (24), ao site REDENOT\u00cdCIA, para esclarecer d\u00favidas dos professores de todo o Brasil quanto \u00e0 pr\u00e9-inscri\u00e7\u00e3o em cursos de forma\u00e7\u00e3o superior na Plataforma Freire. Segundo o MEC, o 1\u00ba Plano Nacional de Forma\u00e7\u00e3o dos Professores da Educa\u00e7\u00e3o B\u00e1sica \u00e9 resultado de um conjunto de a\u00e7\u00f5es do Minist\u00e9rio [&hellip;]<\/p>\n","protected":false},"author":3,"featured_media":0,"comment_status":"open","ping_status":"open","sticky":false,"template":"","format":"standard","meta":{"tdm_status":"","tdm_grid_status":"","footnotes":""},"categories":[22],"tags":[],"class_list":{"0":"post-6384","1":"post","2":"type-post","3":"status-publish","4":"format-standard","6":"category-brasil"},"_links":{"self":[{"href":"https:\/\/migracao.redenoticia.com.br\/noticia\/wp-json\/wp\/v2\/posts\/6384","targetHints":{"allow":["GET"]}}],"collection":[{"href":"https:\/\/migracao.redenoticia.com.br\/noticia\/wp-json\/wp\/v2\/posts"}],"about":[{"href":"https:\/\/migracao.redenoticia.com.br\/noticia\/wp-json\/wp\/v2\/types\/post"}],"author":[{"embeddable":true,"href":"https:\/\/migracao.redenoticia.com.br\/noticia\/wp-json\/wp\/v2\/users\/3"}],"replies":[{"embeddable":true,"href":"https:\/\/migracao.redenoticia.com.br\/noticia\/wp-json\/wp\/v2\/comments?post=6384"}],"version-history":[{"count":0,"href":"https:\/\/migracao.redenoticia.com.br\/noticia\/wp-json\/wp\/v2\/posts\/6384\/revisions"}],"wp:attachment":[{"href":"https:\/\/migracao.redenoticia.com.br\/noticia\/wp-json\/wp\/v2\/media?parent=6384"}],"wp:term":[{"taxonomy":"category","embeddable":true,"href":"https:\/\/migracao.redenoticia.com.br\/noticia\/wp-json\/wp\/v2\/categories?post=6384"},{"taxonomy":"post_tag","embeddable":true,"href":"https:\/\/migracao.redenoticia.com.br\/noticia\/wp-json\/wp\/v2\/tags?post=6384"}],"curies":[{"name":"wp","href":"https:\/\/api.w.org\/{rel}","templated":true}]}}