{"id":6386,"date":"2009-07-24T11:31:59","date_gmt":"2009-07-24T15:31:59","guid":{"rendered":"http:\/\/www.redenoticia.com.br\/noticia\/?p=6386"},"modified":"2009-07-24T17:40:56","modified_gmt":"2009-07-24T21:40:56","slug":"inscricao-no-prouni-vai-ate-as-21-horas-de-hoje-2407","status":"publish","type":"post","link":"https:\/\/migracao.redenoticia.com.br\/noticia\/2009\/inscricao-no-prouni-vai-ate-as-21-horas-de-hoje-2407\/6386","title":{"rendered":"Inscri\u00e7\u00e3o no prouni vai at\u00e9 \u00e0s 21 horas de hoje (24\/07)"},"content":{"rendered":"<p>Todos os interessados em concorrer a uma bolsa de estudo do Programa Universidade para Todos (ProUni) devem correr pois o prazo termina hoje (24\/07) as 21 horas. Podem participar as pessoas com ensino m\u00e9dio completo, que tenham feito o Exame Nacional do Ensino M\u00e9dio (Enem) em 2008 e que ainda n\u00e3o fizeram um curso superior. Esta j\u00e1 \u00e9 a segunda etapa do ProUni 2009 e oferece 26.165 bolsas integrais e 22.992 parciais de 50% da mensalidade.<br \/>\nAs vagas est\u00e3o dispon\u00edveis em mais de 1.400 institui\u00e7\u00f5es de ensino superior privadas nas 27 unidades da Federa\u00e7\u00e3o.<\/p>\n<p>Podem concorrer \u00e0s bolsas integrais, que pagam 100% da mensalidade durante todo o curso, estudantes que tenham renda de at\u00e9 R$ 697,50 por pessoa da fam\u00edlia; e para as bolsas de 50% da mensalidade, cidad\u00e3os com renda de at\u00e9 R$ 1.395,00 por pessoa da fam\u00edlia. Os estudantes tamb\u00e9m precisam atender outros crit\u00e9rios, entre eles, ter feito todo o ensino m\u00e9dio em escola p\u00fablica ou em escola particular na condi\u00e7\u00e3o de bolsista integral.<\/p>\n<p><strong>Calend\u00e1rio <\/strong>\u2013 Depois da inscri\u00e7\u00e3o, o estudante precisa ficar atento para quatro datas: o resultado da primeira chamada ser\u00e1 divulgado na p\u00e1gina do <a href=\"http:\/\/portal.mec.gov.br\/prouni\/\">ProUni<\/a> dia<strong> 28 de julho<\/strong>. O passo seguinte \u00e9 ir na institui\u00e7\u00e3o onde conseguiu a vaga para comprovar as informa\u00e7\u00f5es prestadas na ficha de inscri\u00e7\u00e3o, entre elas, a renda declarada e o certificado de conclus\u00e3o do ensino m\u00e9dio. O prazo para fazer isso vai de <strong>28 de julho <\/strong>a <strong>7 de agosto<\/strong>.<\/p>\n<p>O resultado da segunda chamada ser\u00e1 publicado dia <strong>14 de agost<\/strong>o e o prazo para comprovar os dados na institui\u00e7\u00e3o ser\u00e1 de <strong>14 <\/strong>a <strong>20 de agosto<\/strong>.<\/p>\n<p>Ionice Lorenzoni<\/p>\n","protected":false},"excerpt":{"rendered":"<p>Todos os interessados em concorrer a uma bolsa de estudo do Programa Universidade para Todos (ProUni) devem correr pois o prazo termina hoje (24\/07) as 21 horas. Podem participar as pessoas com ensino m\u00e9dio completo, que tenham feito o Exame Nacional do Ensino M\u00e9dio (Enem) em 2008 e que ainda n\u00e3o fizeram um curso superior. [&hellip;]<\/p>\n","protected":false},"author":3,"featured_media":0,"comment_status":"open","ping_status":"open","sticky":false,"template":"","format":"standard","meta":{"tdm_status":"","tdm_grid_status":"","footnotes":""},"categories":[22],"tags":[],"class_list":{"0":"post-6386","1":"post","2":"type-post","3":"status-publish","4":"format-standard","6":"category-brasil"},"_links":{"self":[{"href":"https:\/\/migracao.redenoticia.com.br\/noticia\/wp-json\/wp\/v2\/posts\/6386","targetHints":{"allow":["GET"]}}],"collection":[{"href":"https:\/\/migracao.redenoticia.com.br\/noticia\/wp-json\/wp\/v2\/posts"}],"about":[{"href":"https:\/\/migracao.redenoticia.com.br\/noticia\/wp-json\/wp\/v2\/types\/post"}],"author":[{"embeddable":true,"href":"https:\/\/migracao.redenoticia.com.br\/noticia\/wp-json\/wp\/v2\/users\/3"}],"replies":[{"embeddable":true,"href":"https:\/\/migracao.redenoticia.com.br\/noticia\/wp-json\/wp\/v2\/comments?post=6386"}],"version-history":[{"count":0,"href":"https:\/\/migracao.redenoticia.com.br\/noticia\/wp-json\/wp\/v2\/posts\/6386\/revisions"}],"wp:attachment":[{"href":"https:\/\/migracao.redenoticia.com.br\/noticia\/wp-json\/wp\/v2\/media?parent=6386"}],"wp:term":[{"taxonomy":"category","embeddable":true,"href":"https:\/\/migracao.redenoticia.com.br\/noticia\/wp-json\/wp\/v2\/categories?post=6386"},{"taxonomy":"post_tag","embeddable":true,"href":"https:\/\/migracao.redenoticia.com.br\/noticia\/wp-json\/wp\/v2\/tags?post=6386"}],"curies":[{"name":"wp","href":"https:\/\/api.w.org\/{rel}","templated":true}]}}