{"id":6389,"date":"2009-07-24T11:34:18","date_gmt":"2009-07-24T15:34:18","guid":{"rendered":"http:\/\/www.redenoticia.com.br\/noticia\/?p=6389"},"modified":"2009-07-24T13:15:32","modified_gmt":"2009-07-24T17:15:32","slug":"prouni-ja-recebeu-126-630-candidatos-na-segunda-etapa-de-inscricao","status":"publish","type":"post","link":"https:\/\/migracao.redenoticia.com.br\/noticia\/2009\/prouni-ja-recebeu-126-630-candidatos-na-segunda-etapa-de-inscricao\/6389","title":{"rendered":"Prouni MEC divulga que j\u00e1 recebeu 126.630 inscri\u00e7\u00f5es na segunda etapa"},"content":{"rendered":"<p>At\u00e9 o come\u00e7o da tarde desta quinta-feira, 23, o Minist\u00e9rio da Educa\u00e7\u00e3o (MEC) recebeu 126.630 inscri\u00e7\u00f5es no prouni. As vagas est\u00e3o dispon\u00edveis em mais de 1.400 institui\u00e7\u00f5es de ensino superior privadas nas 27 unidades da Federa\u00e7\u00e3o. A coordena\u00e7\u00e3o do ProUni recomenda aos inscritos que acompanhem a nota de corte do curso onde disputam vaga, pois a op\u00e7\u00e3o de curso pode ser alterada. Se, por exemplo, as notas dos concorrentes estiverem acima, o candidato pode entrar na sua ficha de inscri\u00e7\u00e3o e refazer as op\u00e7\u00f5es de cursos. Cada candidato pode optar por cinco cursos.<\/p>\n<p>Segundo o prouni MEC, todos os interessados em concorrer a uma bolsa de estudo do Programa Universidade para Todos (ProUni) devem correr pois o prazo termina hoje (24\/07) as 21 horas. Podem participar as pessoas com ensino m\u00e9dio completo, que tenham feito o Exame Nacional do Ensino M\u00e9dio (Enem) em 2008 e que ainda n\u00e3o fizeram um curso superior. Esta j\u00e1 \u00e9 a segunda etapa do ProUni 2009 e oferece 26.165 bolsas integrais e 22.992 parciais de 50% da mensalidade.<\/p>\n<p><strong>Calend\u00e1rio <\/strong>\u2013 Depois da inscri\u00e7\u00e3o, o estudante precisa ficar atento para quatro datas: o resultado da primeira chamada ser\u00e1 divulgado na p\u00e1gina do <a href=\"http:\/\/portal.mec.gov.br\/prouni\/\" target=\"_blank\">ProUni<\/a> dia<strong> 28 de julho<\/strong>. O passo seguinte \u00e9 ir na institui\u00e7\u00e3o onde conseguiu a vaga para comprovar as informa\u00e7\u00f5es prestadas na ficha de inscri\u00e7\u00e3o, entre elas, a renda declarada e o certificado de conclus\u00e3o do ensino m\u00e9dio. O prazo para fazer isso vai de <strong>28 de julho <\/strong>a <strong>7 de agosto<\/strong>.<\/p>\n<p>O resultado da segunda chamada ser\u00e1 publicado dia <strong>14 de agost<\/strong>o e o prazo para comprovar os dados na institui\u00e7\u00e3o ser\u00e1 de <strong>14 <\/strong>a <strong>20 de agosto<\/strong>.<\/p>\n","protected":false},"excerpt":{"rendered":"<p>At\u00e9 o come\u00e7o da tarde desta quinta-feira, 23, o Minist\u00e9rio da Educa\u00e7\u00e3o (MEC) recebeu 126.630 inscri\u00e7\u00f5es no prouni. As vagas est\u00e3o dispon\u00edveis em mais de 1.400 institui\u00e7\u00f5es de ensino superior privadas nas 27 unidades da Federa\u00e7\u00e3o. A coordena\u00e7\u00e3o do ProUni recomenda aos inscritos que acompanhem a nota de corte do curso onde disputam vaga, pois [&hellip;]<\/p>\n","protected":false},"author":3,"featured_media":0,"comment_status":"open","ping_status":"open","sticky":false,"template":"","format":"standard","meta":{"tdm_status":"","tdm_grid_status":"","footnotes":""},"categories":[22],"tags":[],"class_list":{"0":"post-6389","1":"post","2":"type-post","3":"status-publish","4":"format-standard","6":"category-brasil"},"_links":{"self":[{"href":"https:\/\/migracao.redenoticia.com.br\/noticia\/wp-json\/wp\/v2\/posts\/6389","targetHints":{"allow":["GET"]}}],"collection":[{"href":"https:\/\/migracao.redenoticia.com.br\/noticia\/wp-json\/wp\/v2\/posts"}],"about":[{"href":"https:\/\/migracao.redenoticia.com.br\/noticia\/wp-json\/wp\/v2\/types\/post"}],"author":[{"embeddable":true,"href":"https:\/\/migracao.redenoticia.com.br\/noticia\/wp-json\/wp\/v2\/users\/3"}],"replies":[{"embeddable":true,"href":"https:\/\/migracao.redenoticia.com.br\/noticia\/wp-json\/wp\/v2\/comments?post=6389"}],"version-history":[{"count":0,"href":"https:\/\/migracao.redenoticia.com.br\/noticia\/wp-json\/wp\/v2\/posts\/6389\/revisions"}],"wp:attachment":[{"href":"https:\/\/migracao.redenoticia.com.br\/noticia\/wp-json\/wp\/v2\/media?parent=6389"}],"wp:term":[{"taxonomy":"category","embeddable":true,"href":"https:\/\/migracao.redenoticia.com.br\/noticia\/wp-json\/wp\/v2\/categories?post=6389"},{"taxonomy":"post_tag","embeddable":true,"href":"https:\/\/migracao.redenoticia.com.br\/noticia\/wp-json\/wp\/v2\/tags?post=6389"}],"curies":[{"name":"wp","href":"https:\/\/api.w.org\/{rel}","templated":true}]}}