{"id":63896,"date":"2014-12-17T16:31:04","date_gmt":"2014-12-17T18:31:04","guid":{"rendered":"http:\/\/www.redenoticia.com.br\/noticia\/?p=63896"},"modified":"2014-12-17T16:31:04","modified_gmt":"2014-12-17T18:31:04","slug":"novela-imperio-danielle-testemunha-contra-jose-pedro","status":"publish","type":"post","link":"https:\/\/migracao.redenoticia.com.br\/noticia\/2014\/novela-imperio-danielle-testemunha-contra-jose-pedro\/63896","title":{"rendered":"Novela \u201cImp\u00e9rio\u201d: Danielle testemunha contra Jos\u00e9 Pedro"},"content":{"rendered":"<p><a href=\"https:\/\/migracao.redenoticia.com.br\/noticia\/imagens\/Imperio_Caio_Blat_Jose_Pedro.jpg\"><img loading=\"lazy\" decoding=\"async\" src=\"https:\/\/migracao.redenoticia.com.br\/noticia\/imagens\/Imperio_Caio_Blat_Jose_Pedro-187x187.jpg\" alt=\"Imperio_Caio_Blat_Jose_Pedro\" width=\"187\" height=\"187\" class=\"alignleft size-medium wp-image-60038\" srcset=\"https:\/\/migracao.redenoticia.com.br\/noticia\/imagens\/Imperio_Caio_Blat_Jose_Pedro-187x187.jpg 187w, https:\/\/migracao.redenoticia.com.br\/noticia\/imagens\/Imperio_Caio_Blat_Jose_Pedro.jpg 300w, https:\/\/migracao.redenoticia.com.br\/noticia\/imagens\/Imperio_Caio_Blat_Jose_Pedro-150x150.jpg 150w, https:\/\/migracao.redenoticia.com.br\/noticia\/imagens\/Imperio_Caio_Blat_Jose_Pedro-110x110.jpg 110w, https:\/\/migracao.redenoticia.com.br\/noticia\/imagens\/Imperio_Caio_Blat_Jose_Pedro-50x50.jpg 50w\" sizes=\"auto, (max-width: 187px) 100vw, 187px\" \/><\/a><em><strong>Novela \u201cImp\u00e9rio\u201d:<\/strong><\/em> Danielle (Maria Ribeiro) e Jos\u00e9 Pedro (Caio Blat) discutem e se afastam. Enquanto isso, Jos\u00e9 Alfredo (Alexandre Nero) simula a sua morte. Jos\u00e9 Pedro acusa Danielle pela morte do pai e a chama de prostituta. Danielle se aproxima de Maur\u00edlio (Carmo Dalla Vecchia) para se vingar de Jos\u00e9 Pedro e Maria Marta (Lilia Cabral). Maur\u00edlio contrata um advogado especialista em div\u00f3rcios litigiosos para Danielle. Os jornais publicam um depoimento de Jos\u00e9 Pedro sobre as investiga\u00e7\u00f5es contra Jos\u00e9 Alfredo. Danielle e Maur\u00edlio comentam que o testemunho dela pode acabar com Jos\u00e9 Pedro. Dias depois, ela testemunha contra Jos\u00e9 Pedro e ele passa a responder \u00e0s acusa\u00e7\u00f5es de contrabando de pedras preciosas e lavagem de dinheiro. <\/p>\n<p>Fonte Rede Globo \u2013 nos pr\u00f3ximos cap\u00edtulos da novela \u201cImp\u00e9rio\u201d, Danielle tenta convencer Jos\u00e9 Pedro de que n\u00e3o se aliou a Maur\u00edlio. Magn\u00f3lia e Severo pensam em viajar. \u00c9rika tenta ajudar T\u00e9o. Jos\u00e9 Pedro conta para Maria Marta que flagrou Danielle com Maur\u00edlio. Xana aconselha Vicente a pensar bem antes de trocar Cristina por Maria Clara. Enrico se irrita ao ver que T\u00e9o foi preso depois da audi\u00eancia contra Cl\u00e1udio. Orville diz a Carmem que eles precisam cuidar de Salvador. T\u00e9o \u00e9 libertado. Leonardo incentiva Amanda a se casar com Jos\u00e9 Pedro. T\u00e9o tem uma crise ao ver seu nome nas manchetes e decide denunciar Jos\u00e9 Alfredo. Cora estranha a rea\u00e7\u00e3o de Cristina ao ler as not\u00edcias sobre o pai. Jos\u00e9 Alfredo manda Josu\u00e9 dar in\u00edcio a seu plano.<\/p>\n<p>Bianca avisa a Cl\u00e1udio e Beatriz do novo ataque de T\u00e9o a Jos\u00e9 Alfredo. Jos\u00e9 Alfredo diz para Maria Marta que tomou as provid\u00eancias necess\u00e1rias contra T\u00e9o. Cl\u00e1udio visita Leonardo.\u00a0 Otoniel comenta com Antoninho sobre o estado de Jurema. Cora fala com Cristina que ir\u00e1 depor contra Jos\u00e9 Alfredo. Cl\u00e1udio comenta com Beatriz que Leonardo est\u00e1 envolvido com Amanda. Cora decide contar sua hist\u00f3ria para T\u00e9o. Jonas avisa a Orville que o colecionador argentino quer negociar os quadros de Salvador. Jos\u00e9 Alfredo se lembra da noite em que Sebasti\u00e3o morreu. Jos\u00e9 Alfredo pede para Maria Marta convidar Maur\u00edlio para ir \u00e0 sua casa. Um policial procura pelo Comendador na mans\u00e3o. A joalheria Imp\u00e9rio \u00e9 invadida por fiscais. Jos\u00e9 Alfredo observa o l\u00edquido esverdeado no vidro. Jos\u00e9 Alfredo ataca Maur\u00edlio e acaba passando mal. Silviano acusa Maur\u00edlio pela morte do Comendador. A pol\u00edcia retorna \u00e0 mans\u00e3o e Jos\u00e9 Pedro informa o ocorrido. Josu\u00e9 pede para usar o celular de Marisa para contar a Cristina sobre a morte de Jos\u00e9 Alfredo. T\u00e9o se surpreende com a hist\u00f3ria de Cora. Cora entra em crise ao saber da morte de Jos\u00e9 Alfredo e conta para Maria \u00cdsis, que desmaia ao receber a not\u00edcia. Danielle facilita a entrada de \u00c9rika na mans\u00e3o. Josu\u00e9 retira do bolso de Jos\u00e9 Alfredo o frasco do l\u00edquido verde. Maria \u00cdsis vai \u00e0 casa de Maria Marta e as duas preparam o corpo de Jos\u00e9 Alfredo. Maria Clara, Jos\u00e9 Pedro e Jo\u00e3o Lucas decidem cremar o corpo de Jos\u00e9 Alfredo, mas Cristina chama Josu\u00e9 para impedir os irm\u00e3os. Jos\u00e9 Pedro expulsa Danielle de sua casa. Todos seguem o cortejo para o enterro de Jos\u00e9 Alfredo. Cora se esconde atr\u00e1s do t\u00famulo, depois que todos se afastam. Jos\u00e9 Alfredo abre os olhos dentro do caix\u00e3o. Cora pensa em abrir o caix\u00e3o de Jos\u00e9 Alfredo. Jos\u00e9 Alfredo se lembra dos pedidos que fez a Josu\u00e9. Cora dorme no cemit\u00e9rio. Cristina pensa na conversa que teve com Jos\u00e9 Alfredo antes do ocorrido e manda Josu\u00e9 se apressar para ir ao cemit\u00e9rio. Salvador ouve Orville vender seus quadros e decide fugir. Maur\u00edlio consegue um advogado para Danielle. Orville procura Salvador. Maria Marta decide casar Amanda e Jos\u00e9 Pedro. Maria Marta liga para \u00cdsis. Magn\u00f3lia afirma que n\u00e3o ajudar\u00e1 a filha. Helena consola Maria Marta. Elivaldo pede para Cristina abandonar a fam\u00edlia de Jos\u00e9 Alfredo. Maria Marta chora pensando em Jos\u00e9 Alfredo. Enrico leva um fora de Maria Clara. Beatriz n\u00e3o aceita que Enrico seja o culpado pela sabotagem ao restaurante. Cl\u00e1udio liga para Leonardo. Vicente se preocupa com Maria \u00cdsis. Josu\u00e9 atropela Salvador a caminho do cemit\u00e9rio. <\/p>\n","protected":false},"excerpt":{"rendered":"<p>Novela \u201cImp\u00e9rio\u201d: Danielle (Maria Ribeiro) e Jos\u00e9 Pedro (Caio Blat) discutem e se afastam. Enquanto isso, Jos\u00e9 Alfredo (Alexandre Nero) simula a sua morte. Jos\u00e9 Pedro acusa Danielle pela morte do pai e a chama de prostituta. Danielle se aproxima de Maur\u00edlio (Carmo Dalla Vecchia) para se vingar de Jos\u00e9 Pedro e Maria Marta (Lilia [&hellip;]<\/p>\n","protected":false},"author":2,"featured_media":60038,"comment_status":"open","ping_status":"closed","sticky":false,"template":"","format":"standard","meta":{"tdm_status":"","tdm_grid_status":"","footnotes":""},"categories":[379,375,343],"tags":[],"class_list":{"0":"post-63896","1":"post","2":"type-post","3":"status-publish","4":"format-standard","5":"has-post-thumbnail","7":"category-novelas","8":"category-rede-globo","9":"category-televisao"},"_links":{"self":[{"href":"https:\/\/migracao.redenoticia.com.br\/noticia\/wp-json\/wp\/v2\/posts\/63896","targetHints":{"allow":["GET"]}}],"collection":[{"href":"https:\/\/migracao.redenoticia.com.br\/noticia\/wp-json\/wp\/v2\/posts"}],"about":[{"href":"https:\/\/migracao.redenoticia.com.br\/noticia\/wp-json\/wp\/v2\/types\/post"}],"author":[{"embeddable":true,"href":"https:\/\/migracao.redenoticia.com.br\/noticia\/wp-json\/wp\/v2\/users\/2"}],"replies":[{"embeddable":true,"href":"https:\/\/migracao.redenoticia.com.br\/noticia\/wp-json\/wp\/v2\/comments?post=63896"}],"version-history":[{"count":0,"href":"https:\/\/migracao.redenoticia.com.br\/noticia\/wp-json\/wp\/v2\/posts\/63896\/revisions"}],"wp:featuredmedia":[{"embeddable":true,"href":"https:\/\/migracao.redenoticia.com.br\/noticia\/wp-json\/wp\/v2\/media\/60038"}],"wp:attachment":[{"href":"https:\/\/migracao.redenoticia.com.br\/noticia\/wp-json\/wp\/v2\/media?parent=63896"}],"wp:term":[{"taxonomy":"category","embeddable":true,"href":"https:\/\/migracao.redenoticia.com.br\/noticia\/wp-json\/wp\/v2\/categories?post=63896"},{"taxonomy":"post_tag","embeddable":true,"href":"https:\/\/migracao.redenoticia.com.br\/noticia\/wp-json\/wp\/v2\/tags?post=63896"}],"curies":[{"name":"wp","href":"https:\/\/api.w.org\/{rel}","templated":true}]}}