{"id":63926,"date":"2014-12-18T14:30:48","date_gmt":"2014-12-18T16:30:48","guid":{"rendered":"http:\/\/www.redenoticia.com.br\/noticia\/?p=63926"},"modified":"2014-12-18T14:30:48","modified_gmt":"2014-12-18T16:30:48","slug":"pos-doutorados-em-epidemiologia-e-em-psicologia-com-bolsa-da-fapesp","status":"publish","type":"post","link":"https:\/\/migracao.redenoticia.com.br\/noticia\/2014\/pos-doutorados-em-epidemiologia-e-em-psicologia-com-bolsa-da-fapesp\/63926","title":{"rendered":"P\u00f3s-doutorados em Epidemiologia e em Psicologia com Bolsa da FAPESP"},"content":{"rendered":"<p>Ag\u00eancia FAPESP \u2013 O Projeto Tem\u00e1tico \u201c\u201d, apoiado pela FAPESP, tem duas oportunidades de <em><strong>Bolsa de P\u00f3s-Doutorado na \u00e1rea de Ci\u00eancias da Sa\u00fade<\/strong><\/em>.<\/p>\n<p>As duas bolsas ter\u00e3o dura\u00e7\u00e3o inicial de nove meses, com possibilidade de extens\u00e3o por outros cinco meses.<\/p>\n<p>O objetivo do projeto, coordenado por Marcia Scazufca, da Faculdade de Medicina da Universidade de S\u00e3o Paulo (USP), \u00e9 avaliar a exequibilidade de um futuro ensaio cl\u00ednico que testar\u00e1 o custo-efetividade de um novo programa para o manejo de depress\u00e3o em idosos cadastrados em Unidades B\u00e1sicas de Sa\u00fade com Estrat\u00e9gia Sa\u00fade da Fam\u00edlia em S\u00e3o Paulo.<\/p>\n<p>Um dos bolsistas atuar\u00e1 na \u00e1rea de Epidemiologia, como coordenador de pesquisa e ser\u00e1 respons\u00e1vel por todas as atividades di\u00e1rias de pesquisa do projeto relacionadas ao desenvolvimento, aplica\u00e7\u00e3o e avalia\u00e7\u00e3o do estudo-piloto. Ele deve ter doutorado em Sa\u00fade Coletiva (Epidemiologia, Sa\u00fade P\u00fablica, Medicina Preventiva) e experi\u00eancia com estudos epidemiol\u00f3gicos.<\/p>\n<p>O segundo bolsista atuar\u00e1 na \u00e1rea de Psicologia como coordenador da interven\u00e7\u00e3o e ser\u00e1 respons\u00e1vel por todas as atividades cl\u00ednicas do projeto relacionadas ao desenvolvimento, aplica\u00e7\u00e3o e avalia\u00e7\u00e3o da interven\u00e7\u00e3o psicossocial. Ele deve ter doutorado em \u00e1reas relacionadas \u00e0 sa\u00fade mental e experi\u00eancia em interven\u00e7\u00f5es psicossociais ou psicol\u00f3gicas.<\/p>\n<p>Os interessados dever\u00e3o encaminhar, at\u00e9 13 de janeiro, curriculum Lattes ou curriculum vitae (no caso de candidatos n\u00e3o brasileiros), c\u00f3pia do certificado de doutor, carta explicando o interesse pela posi\u00e7\u00e3o e suas qualifica\u00e7\u00f5es para participar do projeto e duas cartas de recomenda\u00e7\u00e3o para Marcia Scazufca (scazufca@gmail.com) e para Ricardo Araya (riaraya.psych@gmail.com), investigadores principais, com o assunto \u201cPosi\u00e7\u00e3o de P\u00f3s-doutorado \u2013 Coordenador de Pesquisa\u201d.<\/p>\n<p>Mais informa\u00e7\u00f5es est\u00e3o dispon\u00edveis em www.fapesp.br\/oportunidades, nos links relacionados a cada \u00e1rea.<\/p>\n<p>Os selecionados receber\u00e3o bolsa de p\u00f3s-doutorado da FAPESP, no valor de R$ 6.143,40 mensais, e reserva t\u00e9cnica \u2013 que equivale a 15% do valor anual da bolsa e que tem o objetivo de cobrir despesas imprevistas e diretamente relacionadas \u00e0 atividade de pesquisa.<\/p>\n<p>Caso o bolsista de PD resida em domic\u00edlio diferente e precise se mudar para a cidade onde se localiza a institui\u00e7\u00e3o sede da pesquisa, poder\u00e1 ter direito a um aux\u00edlio-instala\u00e7\u00e3o.<\/p>\n<p>Mais informa\u00e7\u00f5es sobre a bolsa de p\u00f3s-doutorado da FAPESP est\u00e3o dispon\u00edveis em .<\/p>\n","protected":false},"excerpt":{"rendered":"<p>Ag\u00eancia FAPESP \u2013 O Projeto Tem\u00e1tico \u201c\u201d, apoiado pela FAPESP, tem duas oportunidades de Bolsa de P\u00f3s-Doutorado na \u00e1rea de Ci\u00eancias da Sa\u00fade. As duas bolsas ter\u00e3o dura\u00e7\u00e3o inicial de nove meses, com possibilidade de extens\u00e3o por outros cinco meses. O objetivo do projeto, coordenado por Marcia Scazufca, da Faculdade de Medicina da Universidade de [&hellip;]<\/p>\n","protected":false},"author":2,"featured_media":34767,"comment_status":"open","ping_status":"closed","sticky":false,"template":"","format":"standard","meta":{"tdm_status":"","tdm_grid_status":"","footnotes":""},"categories":[22,370,353],"tags":[],"class_list":{"0":"post-63926","1":"post","2":"type-post","3":"status-publish","4":"format-standard","5":"has-post-thumbnail","7":"category-brasil","8":"category-inscricao","9":"category-oportunidades"},"_links":{"self":[{"href":"https:\/\/migracao.redenoticia.com.br\/noticia\/wp-json\/wp\/v2\/posts\/63926","targetHints":{"allow":["GET"]}}],"collection":[{"href":"https:\/\/migracao.redenoticia.com.br\/noticia\/wp-json\/wp\/v2\/posts"}],"about":[{"href":"https:\/\/migracao.redenoticia.com.br\/noticia\/wp-json\/wp\/v2\/types\/post"}],"author":[{"embeddable":true,"href":"https:\/\/migracao.redenoticia.com.br\/noticia\/wp-json\/wp\/v2\/users\/2"}],"replies":[{"embeddable":true,"href":"https:\/\/migracao.redenoticia.com.br\/noticia\/wp-json\/wp\/v2\/comments?post=63926"}],"version-history":[{"count":0,"href":"https:\/\/migracao.redenoticia.com.br\/noticia\/wp-json\/wp\/v2\/posts\/63926\/revisions"}],"wp:featuredmedia":[{"embeddable":true,"href":"https:\/\/migracao.redenoticia.com.br\/noticia\/wp-json\/wp\/v2\/media\/34767"}],"wp:attachment":[{"href":"https:\/\/migracao.redenoticia.com.br\/noticia\/wp-json\/wp\/v2\/media?parent=63926"}],"wp:term":[{"taxonomy":"category","embeddable":true,"href":"https:\/\/migracao.redenoticia.com.br\/noticia\/wp-json\/wp\/v2\/categories?post=63926"},{"taxonomy":"post_tag","embeddable":true,"href":"https:\/\/migracao.redenoticia.com.br\/noticia\/wp-json\/wp\/v2\/tags?post=63926"}],"curies":[{"name":"wp","href":"https:\/\/api.w.org\/{rel}","templated":true}]}}