{"id":6393,"date":"2009-07-24T11:41:52","date_gmt":"2009-07-24T15:41:52","guid":{"rendered":"http:\/\/www.redenoticia.com.br\/noticia\/?p=6393"},"modified":"2009-07-27T02:05:47","modified_gmt":"2009-07-27T02:05:47","slug":"clima-tempo-informa-que-regiao-sul-registra-temperatura-mais-baixa-do-ano-e-persiste-no-fim-de-semana","status":"publish","type":"post","link":"https:\/\/migracao.redenoticia.com.br\/noticia\/2009\/clima-tempo-informa-que-regiao-sul-registra-temperatura-mais-baixa-do-ano-e-persiste-no-fim-de-semana\/6393","title":{"rendered":"Clima tempo informa que Regi\u00e3o Sul registra temperatura mais baixa do ano e persiste no fim de semana"},"content":{"rendered":"<p>Frio intenso persiste no fim de semana, segundo previs\u00e3o da Climatempo. A massa de ar polar que atinge a Regi\u00e3o Sul do pa\u00eds provocou temperaturas negativas em diversas cidades do Rio Grande do Sul e de Santa Catarina. Na manh\u00e3 desta sexta-feira, as cidades de Cambar\u00e1 do Sul, no Rio Grande do Sul, e S\u00e3o Joaquim, no interior catarinense, registraram a temperatura m\u00ednima mais baixa da regi\u00e3o: 5,8\u00b0C abaixo de zero, segundo o Instituto Nacional de Meteorologia. No interior do Paran\u00e1, a cidade de General Carneiro registrou m\u00ednima de -2,2\u00b0C. Houve registro de geada forte na maior parte do Rio Grande do Sul.<br \/>\nSegundo a Climatempo, no Sul do Brasil o fim de semana ser\u00e1 marcado pelo frio de uma nova massa polar. Mesmo com a presen\u00e7a do sol, a sensa\u00e7\u00e3o de frio vai persistir. As noites ficam geladas e h\u00e1 condi\u00e7\u00f5es para geada nas serras ga\u00facha e catarinense e nas \u00e1reas de fronteira com o Uruguai. O frio tamb\u00e9m ser\u00e1 o principal respons\u00e1vel pela forma\u00e7\u00e3o da neblina que poder\u00e1 reduzir a visibilidade nas estradas e nos aeroportos por v\u00e1rias horas.<\/p>\n<p>No domingo, o ar polar provoca frio e geada em quase todo o Rio Grande do Sul e novamente ser\u00e3o registradas temperaturas baixas em v\u00e1rias \u00e1reas. No centro-oeste de Santa Catarina e do Paran\u00e1 haver\u00e1 aumento de nebulosidade. Em Florian\u00f3polis, o sol aparece no meio de muitas nuvens e ocorrem pancadas de chuva. O tempo continua fechado no Vale Itaja\u00ed, em Curitiba e no norte do Paran\u00e1. A segunda-feira come\u00e7a com baixas temperaturas e forma\u00e7\u00e3o de geada, no Rio Grande do Sul e na serra catarinense.<\/p>\n<p>Sobre o Grupo Climatempo<\/p>\n<p>O Grupo Climatempo \u00e9 a maior empresa privada de meteorologia do pa\u00eds. Uma holding formada pela Climatempo Consultoria, Ag\u00eancia Climatempo, a TV Climatempo e a CLIMANET (Internet, servi\u00e7os de tecnologia e inform\u00e1tica). Atualmente, o Grupo Climatempo fornece conte\u00fado para os principais portais do pa\u00eds, mais de 50 retransmissoras de televis\u00e3o do Brasil, r\u00e1dios e tem cerca de mil clientes. Os dois principais segmentos atendidos s\u00e3o o de agroneg\u00f3cios e meios de comunica\u00e7\u00e3o. Al\u00e9m destes, fornece conte\u00fado meteorol\u00f3gico estrat\u00e9gico para produtoras, a ind\u00fastria eletroeletr\u00f4nica e t\u00eaxtil, com\u00e9rcio, moda e turismo, constru\u00e7\u00e3o civil, setor de energia, entre outros setores.<\/p>\n<p>O Grupo \u00e9 presidido pelo meteorologista Carlos Magno, um dos primeiros comunicadores da profiss\u00e3o no Pa\u00eds, com mais de 23 anos de carreira, que ajudou a mudar a cultura que o brasileiro tinha sobre a meteorologia. O Grupo Climatempo conta ainda com Ana L\u00facia Frony vice-presidente, Renato Urbinder, s\u00f3cio-diretor (Diretor de Neg\u00f3cios e Projetos Especiais), e os diretores executivos Gilca Palma (Climatempo Meteorologia), Andr\u00e9 Madeira (Ag\u00eancia Climatempo) e o jornalista Paulo Polli (TV Climatempo) no Conselho Consultivo.<\/p>\n","protected":false},"excerpt":{"rendered":"<p>Frio intenso persiste no fim de semana, segundo previs\u00e3o da Climatempo. A massa de ar polar que atinge a Regi\u00e3o Sul do pa\u00eds provocou temperaturas negativas em diversas cidades do Rio Grande do Sul e de Santa Catarina. Na manh\u00e3 desta sexta-feira, as cidades de Cambar\u00e1 do Sul, no Rio Grande do Sul, e S\u00e3o [&hellip;]<\/p>\n","protected":false},"author":3,"featured_media":0,"comment_status":"open","ping_status":"open","sticky":false,"template":"","format":"standard","meta":{"tdm_status":"","tdm_grid_status":"","footnotes":""},"categories":[22,327],"tags":[],"class_list":{"0":"post-6393","1":"post","2":"type-post","3":"status-publish","4":"format-standard","6":"category-brasil","7":"category-clima"},"_links":{"self":[{"href":"https:\/\/migracao.redenoticia.com.br\/noticia\/wp-json\/wp\/v2\/posts\/6393","targetHints":{"allow":["GET"]}}],"collection":[{"href":"https:\/\/migracao.redenoticia.com.br\/noticia\/wp-json\/wp\/v2\/posts"}],"about":[{"href":"https:\/\/migracao.redenoticia.com.br\/noticia\/wp-json\/wp\/v2\/types\/post"}],"author":[{"embeddable":true,"href":"https:\/\/migracao.redenoticia.com.br\/noticia\/wp-json\/wp\/v2\/users\/3"}],"replies":[{"embeddable":true,"href":"https:\/\/migracao.redenoticia.com.br\/noticia\/wp-json\/wp\/v2\/comments?post=6393"}],"version-history":[{"count":0,"href":"https:\/\/migracao.redenoticia.com.br\/noticia\/wp-json\/wp\/v2\/posts\/6393\/revisions"}],"wp:attachment":[{"href":"https:\/\/migracao.redenoticia.com.br\/noticia\/wp-json\/wp\/v2\/media?parent=6393"}],"wp:term":[{"taxonomy":"category","embeddable":true,"href":"https:\/\/migracao.redenoticia.com.br\/noticia\/wp-json\/wp\/v2\/categories?post=6393"},{"taxonomy":"post_tag","embeddable":true,"href":"https:\/\/migracao.redenoticia.com.br\/noticia\/wp-json\/wp\/v2\/tags?post=6393"}],"curies":[{"name":"wp","href":"https:\/\/api.w.org\/{rel}","templated":true}]}}