{"id":6395,"date":"2009-07-24T11:46:22","date_gmt":"2009-07-24T15:46:22","guid":{"rendered":"http:\/\/www.redenoticia.com.br\/noticia\/?p=6395"},"modified":"2009-07-27T02:05:46","modified_gmt":"2009-07-27T02:05:46","slug":"previsao-do-tempo-informa-que-volume-de-chuva-em-sao-paulo-atinge-o-triplo-da-media-de-julho","status":"publish","type":"post","link":"https:\/\/migracao.redenoticia.com.br\/noticia\/2009\/previsao-do-tempo-informa-que-volume-de-chuva-em-sao-paulo-atinge-o-triplo-da-media-de-julho\/6395","title":{"rendered":"Previs\u00e3o do tempo informa que volume de chuva em S\u00e3o Paulo atinge o triplo da m\u00e9dia de julho"},"content":{"rendered":"<p>Previs\u00e3o do tempo informa que frente fria mant\u00e9m o tempo inst\u00e1vel em S\u00e3o Paulo nos pr\u00f3ximos dias e volume de chuva atinge o triplo da m\u00e9dia de julho.<\/p>\n<p>A frente fria que est\u00e1 sobre S\u00e3o Paulo j\u00e1 provocou volumes elevados de chuva em algumas cidades paulistas. Em Rancharia, por exemplo, no oeste do Estado, o acumulado chegou a 68mm s\u00f3 nas \u00faltimas 24 horas. At\u00e9 o momento j\u00e1 choveu 127mm e a m\u00e9dia na cidade \u00e9 de 38mm &#8211; mais de tr\u00eas vezes a m\u00e9dia climatol\u00f3gica de todo o m\u00eas de julho.<\/p>\n<p>Na cidade de Iguape, no Vale do Ribeira, choveu 57mm entre ontem e hoje e 243mm desde o dia 1\u00b0 de julho. Segundo os meteorologistas da Somar, trata-se de um acumulado t\u00edpico de ver\u00e3o, entretanto, estamos em pleno inverno e a m\u00e9dia para este m\u00eas \u00e9 de 88mm. Ou seja, j\u00e1 choveu quase tr\u00eas vezes a m\u00e9dia de julho.<\/p>\n<p>De acordo com o meteorologista Celso Oliveira, o s\u00e1bado segue chuvoso e frio em boa parte do Estado de S\u00e3o Paulo, inclusive na Capital e Litoral. No litoral, as chuvas devem ser moderadas e provocar alguns pontos de alagamento. Apenas no norte de S\u00e3o Paulo, regi\u00e3o de Franca \u00e9 que o dia ser\u00e1 um pouco mais aproveit\u00e1vel, com sol entre nuvens pela manh\u00e3, calor e pancadas isoladas de chuva no fim do dia.<\/p>\n","protected":false},"excerpt":{"rendered":"<p>Previs\u00e3o do tempo informa que frente fria mant\u00e9m o tempo inst\u00e1vel em S\u00e3o Paulo nos pr\u00f3ximos dias e volume de chuva atinge o triplo da m\u00e9dia de julho. A frente fria que est\u00e1 sobre S\u00e3o Paulo j\u00e1 provocou volumes elevados de chuva em algumas cidades paulistas. Em Rancharia, por exemplo, no oeste do Estado, o [&hellip;]<\/p>\n","protected":false},"author":3,"featured_media":0,"comment_status":"open","ping_status":"open","sticky":false,"template":"","format":"standard","meta":{"tdm_status":"","tdm_grid_status":"","footnotes":""},"categories":[22,327],"tags":[],"class_list":{"0":"post-6395","1":"post","2":"type-post","3":"status-publish","4":"format-standard","6":"category-brasil","7":"category-clima"},"_links":{"self":[{"href":"https:\/\/migracao.redenoticia.com.br\/noticia\/wp-json\/wp\/v2\/posts\/6395","targetHints":{"allow":["GET"]}}],"collection":[{"href":"https:\/\/migracao.redenoticia.com.br\/noticia\/wp-json\/wp\/v2\/posts"}],"about":[{"href":"https:\/\/migracao.redenoticia.com.br\/noticia\/wp-json\/wp\/v2\/types\/post"}],"author":[{"embeddable":true,"href":"https:\/\/migracao.redenoticia.com.br\/noticia\/wp-json\/wp\/v2\/users\/3"}],"replies":[{"embeddable":true,"href":"https:\/\/migracao.redenoticia.com.br\/noticia\/wp-json\/wp\/v2\/comments?post=6395"}],"version-history":[{"count":0,"href":"https:\/\/migracao.redenoticia.com.br\/noticia\/wp-json\/wp\/v2\/posts\/6395\/revisions"}],"wp:attachment":[{"href":"https:\/\/migracao.redenoticia.com.br\/noticia\/wp-json\/wp\/v2\/media?parent=6395"}],"wp:term":[{"taxonomy":"category","embeddable":true,"href":"https:\/\/migracao.redenoticia.com.br\/noticia\/wp-json\/wp\/v2\/categories?post=6395"},{"taxonomy":"post_tag","embeddable":true,"href":"https:\/\/migracao.redenoticia.com.br\/noticia\/wp-json\/wp\/v2\/tags?post=6395"}],"curies":[{"name":"wp","href":"https:\/\/api.w.org\/{rel}","templated":true}]}}