{"id":6397,"date":"2009-07-24T11:55:46","date_gmt":"2009-07-24T15:55:46","guid":{"rendered":"http:\/\/www.redenoticia.com.br\/noticia\/?p=6397"},"modified":"2009-07-27T02:05:45","modified_gmt":"2009-07-27T02:05:45","slug":"clima-tempo-teresina-registra-tarde-mais-fria-e-cidade-amanhece-com-neblina","status":"publish","type":"post","link":"https:\/\/migracao.redenoticia.com.br\/noticia\/2009\/clima-tempo-teresina-registra-tarde-mais-fria-e-cidade-amanhece-com-neblina\/6397","title":{"rendered":"Clima tempo &#8211; Teresina registra tarde mais fria e cidade amanhece com neblina"},"content":{"rendered":"<p>Segundo a Clima tempo, ar seco ganha for\u00e7a no fim de semana. Acostumada ao sol radiante de julho, a popula\u00e7\u00e3o de Teresina presenciou um fen\u00f4meno diferente no in\u00edcio da manh\u00e3 desta sexta-feira. A cidade amanheceu com neblina. O aeroporto de Teresina chegou a ficar com visibilidade reduzida a 900 metros, por conta do fen\u00f4meno. A neblina em Teresina pode ocorrer em qualquer lugar e em qualquer \u00e9poca do ano, mas \u00e9 pouco comum na regi\u00e3o.<br \/>\nA forma\u00e7\u00e3o da neblina em Teresina nesta sexta-feira foi resultado do ar muito \u00famido, depois do tempo chuvoso de ontem, o que tamb\u00e9m n\u00e3o \u00e9 comum nesta \u00e9poca. Choveu o dia todo e a temperatura m\u00e1xima foi de apenas 27,3\u00baC, de acordo com o Inmet. Foi a tarde mais fria em Teresina este ano.<\/p>\n<p>Para se ter uma id\u00e9ia de como julho j\u00e1 \u00e9 um m\u00eas de seca na cidade, a m\u00e9dia normal de chuva fica em torno de 13 mil\u00edmetros. Do in\u00edcio do m\u00eas at\u00e9 as 9 horas de ontem j\u00e1 choveu 18,5 mil\u00edmetros, o que significa que a chuva de julho em Teresina est\u00e1 46% acima do normal. \u00c0s 9 horas da manh\u00e3, a capital do Piau\u00ed ainda tinha muitas nuvens e a temperatura estava em 25\u00baC.<\/p>\n<p>No fim de semana, uma grande massa de ar seco ganha for\u00e7a sobre o Nordeste e toda a regi\u00e3o ter\u00e1 muito sol. Algumas poucas precipita\u00e7\u00f5es poder\u00e3o ser observadas no litoral entre Natal e Salvador.<\/p>\n<p>Sobre o Grupo Climatempo<\/p>\n<p>O Grupo Climatempo \u00e9 a maior empresa privada de meteorologia do pa\u00eds. Uma holding formada pela Climatempo Consultoria, Ag\u00eancia Climatempo, a TV Climatempo e a CLIMANET (Internet, servi\u00e7os de tecnologia e inform\u00e1tica). Atualmente, o Grupo Climatempo fornece conte\u00fado para os principais portais do pa\u00eds, mais de 50 retransmissoras de televis\u00e3o do Brasil, r\u00e1dios e tem cerca de mil clientes. Os dois principais segmentos atendidos s\u00e3o o de agroneg\u00f3cios e meios de comunica\u00e7\u00e3o. Al\u00e9m destes, fornece conte\u00fado meteorol\u00f3gico estrat\u00e9gico para produtoras, a ind\u00fastria eletroeletr\u00f4nica e t\u00eaxtil, com\u00e9rcio, moda e turismo, constru\u00e7\u00e3o civil, setor de energia, entre outros setores.<\/p>\n<p>O Grupo \u00e9 presidido pelo meteorologista Carlos Magno, um dos primeiros comunicadores da profiss\u00e3o no Pa\u00eds, com mais de 23 anos de carreira, que ajudou a mudar a cultura que o brasileiro tinha sobre a meteorologia. O Grupo Climatempo conta ainda com Ana L\u00facia Frony vice-presidente, Renato Urbinder, s\u00f3cio-diretor (Diretor de Neg\u00f3cios e Projetos Especiais), e os diretores executivos Gilca Palma (Climatempo Meteorologia), Andr\u00e9 Madeira (Ag\u00eancia Climatempo) e o jornalista Paulo Polli (TV Climatempo) no Conselho Consultivo.<\/p>\n","protected":false},"excerpt":{"rendered":"<p>Segundo a Clima tempo, ar seco ganha for\u00e7a no fim de semana. Acostumada ao sol radiante de julho, a popula\u00e7\u00e3o de Teresina presenciou um fen\u00f4meno diferente no in\u00edcio da manh\u00e3 desta sexta-feira. A cidade amanheceu com neblina. O aeroporto de Teresina chegou a ficar com visibilidade reduzida a 900 metros, por conta do fen\u00f4meno. A [&hellip;]<\/p>\n","protected":false},"author":3,"featured_media":0,"comment_status":"open","ping_status":"open","sticky":false,"template":"","format":"standard","meta":{"tdm_status":"","tdm_grid_status":"","footnotes":""},"categories":[22,327],"tags":[],"class_list":{"0":"post-6397","1":"post","2":"type-post","3":"status-publish","4":"format-standard","6":"category-brasil","7":"category-clima"},"_links":{"self":[{"href":"https:\/\/migracao.redenoticia.com.br\/noticia\/wp-json\/wp\/v2\/posts\/6397","targetHints":{"allow":["GET"]}}],"collection":[{"href":"https:\/\/migracao.redenoticia.com.br\/noticia\/wp-json\/wp\/v2\/posts"}],"about":[{"href":"https:\/\/migracao.redenoticia.com.br\/noticia\/wp-json\/wp\/v2\/types\/post"}],"author":[{"embeddable":true,"href":"https:\/\/migracao.redenoticia.com.br\/noticia\/wp-json\/wp\/v2\/users\/3"}],"replies":[{"embeddable":true,"href":"https:\/\/migracao.redenoticia.com.br\/noticia\/wp-json\/wp\/v2\/comments?post=6397"}],"version-history":[{"count":0,"href":"https:\/\/migracao.redenoticia.com.br\/noticia\/wp-json\/wp\/v2\/posts\/6397\/revisions"}],"wp:attachment":[{"href":"https:\/\/migracao.redenoticia.com.br\/noticia\/wp-json\/wp\/v2\/media?parent=6397"}],"wp:term":[{"taxonomy":"category","embeddable":true,"href":"https:\/\/migracao.redenoticia.com.br\/noticia\/wp-json\/wp\/v2\/categories?post=6397"},{"taxonomy":"post_tag","embeddable":true,"href":"https:\/\/migracao.redenoticia.com.br\/noticia\/wp-json\/wp\/v2\/tags?post=6397"}],"curies":[{"name":"wp","href":"https:\/\/api.w.org\/{rel}","templated":true}]}}