{"id":6399,"date":"2009-07-24T11:57:33","date_gmt":"2009-07-24T15:57:33","guid":{"rendered":"http:\/\/www.redenoticia.com.br\/noticia\/?p=6399"},"modified":"2009-07-24T11:57:33","modified_gmt":"2009-07-24T15:57:33","slug":"previsao-do-tempo-somar-diz-que-sensacao-termica-chegou-a-21-graus-negativos-no-rio-grande-do-sul","status":"publish","type":"post","link":"https:\/\/migracao.redenoticia.com.br\/noticia\/2009\/previsao-do-tempo-somar-diz-que-sensacao-termica-chegou-a-21-graus-negativos-no-rio-grande-do-sul\/6399","title":{"rendered":"Previs\u00e3o do tempo Somar diz que sensa\u00e7\u00e3o t\u00e9rmica chegou a 21 graus negativos no Rio Grande do Sul"},"content":{"rendered":"<p>Temperaturas ficaram abaixo de zero nos tr\u00eas Estados da Regi\u00e3o. A massa de ar polar que atua no Sul do Pa\u00eds deixou as temperaturas negativas em v\u00e1rias cidades dos tr\u00eas Estados da Regi\u00e3o. A temperatura mais baixa do Pa\u00eds at\u00e9 o momento foi registrada em S\u00e3o Joaquim, na serra catarinense, onde os term\u00f4metros marcaram -4,5\u00b0C, mas com os ventos de 18km\/h, a sensa\u00e7\u00e3o t\u00e9rmica chegou a -15\u00b0C. Essa foi a temperatura mais baixa dos dois \u00faltimos anos na cidade, antes disso, o recorde era de -5,1\u00b0C do dia 29\/07\/2007.<br \/>\nEm S\u00e3o Jos\u00e9 dos Ausentes, no Rio Grande do Sul, a sensa\u00e7\u00e3o de frio foi ainda maior: -21\u00b0C por conta das rajadas de vento de 36km\/h. A temperatura real registrada pela esta\u00e7\u00e3o meteorol\u00f3gica &#8211; que n\u00e3o sofre interfer\u00eancia dos ventos, foi de -4,1\u00b0C. Ainda no Estado ga\u00facho, a cidade de Vacaria registrou -3,6\u00b0C, Quara\u00ed -3,5\u00b0, Santana do livramento -2,4\u00b0C e Erechim -2,1\u00b0C.<\/p>\n<p>Voltando ao Estado catarinense, os term\u00f4metros registraram -2,4\u00b0C em Urubici e -1,7\u00b0C em Ca\u00e7ador. No Paran\u00e1, as temperaturas mais baixas foram registradas em Clevel\u00e2ndia, onde a m\u00ednima chegou a -2,1\u00b0C, em General Carneiro com -1,1\u00b0C e Dois Vizinhos, com -1\u00b0C.<\/p>\n<p>De acordo com os meteorologistas da Somar, nesta sexta-feira o sol predomina na Regi\u00e3o, mas mesmo assim, as temperatura n\u00e3o sobem muito. A m\u00e1xima prevista para hoje \u00e9 de apenas 7\u00b0C no noroeste e norte do Rio Grande do Sul e no sul de Santa Catarina, 10\u00b0C na maior parte dos Estados do Rio Grande do Sul e de Santa Catarina, al\u00e9m do sudoeste do Paran\u00e1. No leste e norte de Santa Catarina e em boa parte do Paran\u00e1, a m\u00e1xima varia entre 11\u00b0C e 19\u00b0C. As chuvas fracas desta sexta-feira atingem apenas o leste e nordeste do Paran\u00e1.<\/p>\n","protected":false},"excerpt":{"rendered":"<p>Temperaturas ficaram abaixo de zero nos tr\u00eas Estados da Regi\u00e3o. A massa de ar polar que atua no Sul do Pa\u00eds deixou as temperaturas negativas em v\u00e1rias cidades dos tr\u00eas Estados da Regi\u00e3o. A temperatura mais baixa do Pa\u00eds at\u00e9 o momento foi registrada em S\u00e3o Joaquim, na serra catarinense, onde os term\u00f4metros marcaram -4,5\u00b0C, [&hellip;]<\/p>\n","protected":false},"author":3,"featured_media":0,"comment_status":"open","ping_status":"open","sticky":false,"template":"","format":"standard","meta":{"tdm_status":"","tdm_grid_status":"","footnotes":""},"categories":[22],"tags":[],"class_list":{"0":"post-6399","1":"post","2":"type-post","3":"status-publish","4":"format-standard","6":"category-brasil"},"_links":{"self":[{"href":"https:\/\/migracao.redenoticia.com.br\/noticia\/wp-json\/wp\/v2\/posts\/6399","targetHints":{"allow":["GET"]}}],"collection":[{"href":"https:\/\/migracao.redenoticia.com.br\/noticia\/wp-json\/wp\/v2\/posts"}],"about":[{"href":"https:\/\/migracao.redenoticia.com.br\/noticia\/wp-json\/wp\/v2\/types\/post"}],"author":[{"embeddable":true,"href":"https:\/\/migracao.redenoticia.com.br\/noticia\/wp-json\/wp\/v2\/users\/3"}],"replies":[{"embeddable":true,"href":"https:\/\/migracao.redenoticia.com.br\/noticia\/wp-json\/wp\/v2\/comments?post=6399"}],"version-history":[{"count":0,"href":"https:\/\/migracao.redenoticia.com.br\/noticia\/wp-json\/wp\/v2\/posts\/6399\/revisions"}],"wp:attachment":[{"href":"https:\/\/migracao.redenoticia.com.br\/noticia\/wp-json\/wp\/v2\/media?parent=6399"}],"wp:term":[{"taxonomy":"category","embeddable":true,"href":"https:\/\/migracao.redenoticia.com.br\/noticia\/wp-json\/wp\/v2\/categories?post=6399"},{"taxonomy":"post_tag","embeddable":true,"href":"https:\/\/migracao.redenoticia.com.br\/noticia\/wp-json\/wp\/v2\/tags?post=6399"}],"curies":[{"name":"wp","href":"https:\/\/api.w.org\/{rel}","templated":true}]}}