{"id":6401,"date":"2009-07-24T12:01:29","date_gmt":"2009-07-24T16:01:29","guid":{"rendered":"http:\/\/www.redenoticia.com.br\/noticia\/?p=6401"},"modified":"2009-07-24T17:40:35","modified_gmt":"2009-07-24T21:40:35","slug":"previsao-do-tempo-sexta-feira-com-chuva-forte-e-frio-em-parte-do-sudeste-centro-oeste-e-norte","status":"publish","type":"post","link":"https:\/\/migracao.redenoticia.com.br\/noticia\/2009\/previsao-do-tempo-sexta-feira-com-chuva-forte-e-frio-em-parte-do-sudeste-centro-oeste-e-norte\/6401","title":{"rendered":"Previs\u00e3o do tempo &#8211; sexta-feira com chuva forte e frio em parte do Sudeste, Centro-Oeste e Norte"},"content":{"rendered":"<p>Sexta-feira com chuva forte e fria em parte do Sudeste, Centro-Oeste e Norte, segundo a previs\u00e3o do tempo dos meteorologistas da Somar. No Sul, chuva diminui e frio aumenta. A m\u00e1xima hoje n\u00e3o passa de 8\u00b0C na Serra Geral. O dia come\u00e7ou gelado, com temperaturas negativas e geadas em v\u00e1rias localidades da Regi\u00e3o. No decorrer do dia, o frio segue intenso e a m\u00e1xima n\u00e3o passa dos 8\u00b0C na Serra Geral e dos 10\u00b0C no Rio Grande do Sul, sul e oeste de Santa Catarina e sudoeste do Paran\u00e1. Com o afastamento da frente fria, o tempo seco volta a predominar na Regi\u00e3o. De acordo com os meteorologistas da Somar, apenas no leste e norte do Paran\u00e1, \u00e1reas de instabilidade provocam chuvas fracas.<br \/>\nSudeste<br \/>\nA frente fria provoca chuvas generalizadas em todo o Estado de S\u00e3o Paulo, Rio de Janeiro, centro e sul do Esp\u00edrito Santo e sul de Minas Gerais. No Vale do Para\u00edba, em S\u00e3o Paulo, o acumulado alcan\u00e7a 40mm em 24 horas. No sul do Rio de Janeiro e de Minas Gerais, o volume chega a 30mm. Apenas no norte do Esp\u00edrito Santo e no centro e norte de Minas Gerais, o tempo permanece seco, apenas com aumento da quantidade de nuvens. A massa de ar polar tamb\u00e9m deixa as temperaturas baixas na Regi\u00e3o e a m\u00e1xima ser\u00e1 inferior a 20\u00b0C em todo o Estado de S\u00e3o Paulo, sul do Rio de Janeiro e sul e oeste de Minas Gerais.<\/p>\n<p>Centro-Oeste<br \/>\nO dia ter\u00e1 chuvas generalizadas no centro e norte de Mato Grosso do Sul, e no sul e sudoeste de Mato Grosso, com acumulado de at\u00e9 30mm em algumas cidades. J\u00e1 em boa parte de Mato Grosso, em Goi\u00e1s, no Distrito Federal e no sudoeste e sul de Mato Grosso do Sul o tempo permanece seco. O frio avan\u00e7a rapidamente pelo Centro-Oeste e a m\u00e1xima n\u00e3o chega a 10\u00b0C em algumas cidades de Mato Grosso do Sul e extremo sudoeste de Mato Grosso, caracterizando uma das tardes mais frias dos \u00faltimos dois anos na Regi\u00e3o. O frio tamb\u00e9m chega ao sul de Goi\u00e1s, onde a m\u00e1xima n\u00e3o chega a 20\u00b0C.<\/p>\n<p>Norte<br \/>\nA frente fria chega ao Norte do pa\u00eds e provoca traz chuvas fortes e generalizadas no Acre, Rond\u00f4nia e Amazonas, com acumulado de at\u00e9 60mm em 24 horas no sudoeste do Amazonas. Chove tamb\u00e9m de forma mais isolada no sul Roraima, no sudoeste, centro e nordeste do Par\u00e1 e norte de Tocantins. A massa de ar polar chega a Regi\u00e3o, fen\u00f4meno conhecido por friagem, e os term\u00f4metros n\u00e3o passam dos 20\u00b0C no sudeste do Acre e dos 13\u00b0C no sul de Rond\u00f4nia.<\/p>\n<p>Nordeste<br \/>\nAs chuvas ficam mais isoladas nesta sexta-feira e atingem o litoral leste do Nordeste, entre Pernambuco e Alagoas, al\u00e9m do sudoeste do Piau\u00ed e do centro e sul do Maranh\u00e3o. Na maior parte do Nordeste, o tempo permanece seco, com sol entre nuvens. A m\u00e1xima passa dos 32\u00b0C No centro da Bahia, oeste de Pernambuco, Piau\u00ed, oeste do Rio Grande do Norte, Cear\u00e1 e norte do Maranh\u00e3o, mas n\u00e3o alcan\u00e7a os 26\u00b0C no centro e sul do Maranh\u00e3o e entre o leste da Para\u00edba e costa norte da Bahia.<\/p>\n<p>Litoral<br \/>\nO mar permanece agitado com ressacas em boa parte da costa das Regi\u00f5es Sul e Sudeste. Nesta sexta-feira os ventos chegam a 40km\/h na costa de S\u00e3o Paulo e as ondas alcan\u00e7am 2,5m de altura no Rio de Janeiro e Rio Grande do Sul.<\/p>\n","protected":false},"excerpt":{"rendered":"<p>Sexta-feira com chuva forte e fria em parte do Sudeste, Centro-Oeste e Norte, segundo a previs\u00e3o do tempo dos meteorologistas da Somar. No Sul, chuva diminui e frio aumenta. A m\u00e1xima hoje n\u00e3o passa de 8\u00b0C na Serra Geral. O dia come\u00e7ou gelado, com temperaturas negativas e geadas em v\u00e1rias localidades da Regi\u00e3o. No decorrer [&hellip;]<\/p>\n","protected":false},"author":3,"featured_media":0,"comment_status":"open","ping_status":"open","sticky":false,"template":"","format":"standard","meta":{"tdm_status":"","tdm_grid_status":"","footnotes":""},"categories":[22],"tags":[],"class_list":{"0":"post-6401","1":"post","2":"type-post","3":"status-publish","4":"format-standard","6":"category-brasil"},"_links":{"self":[{"href":"https:\/\/migracao.redenoticia.com.br\/noticia\/wp-json\/wp\/v2\/posts\/6401","targetHints":{"allow":["GET"]}}],"collection":[{"href":"https:\/\/migracao.redenoticia.com.br\/noticia\/wp-json\/wp\/v2\/posts"}],"about":[{"href":"https:\/\/migracao.redenoticia.com.br\/noticia\/wp-json\/wp\/v2\/types\/post"}],"author":[{"embeddable":true,"href":"https:\/\/migracao.redenoticia.com.br\/noticia\/wp-json\/wp\/v2\/users\/3"}],"replies":[{"embeddable":true,"href":"https:\/\/migracao.redenoticia.com.br\/noticia\/wp-json\/wp\/v2\/comments?post=6401"}],"version-history":[{"count":0,"href":"https:\/\/migracao.redenoticia.com.br\/noticia\/wp-json\/wp\/v2\/posts\/6401\/revisions"}],"wp:attachment":[{"href":"https:\/\/migracao.redenoticia.com.br\/noticia\/wp-json\/wp\/v2\/media?parent=6401"}],"wp:term":[{"taxonomy":"category","embeddable":true,"href":"https:\/\/migracao.redenoticia.com.br\/noticia\/wp-json\/wp\/v2\/categories?post=6401"},{"taxonomy":"post_tag","embeddable":true,"href":"https:\/\/migracao.redenoticia.com.br\/noticia\/wp-json\/wp\/v2\/tags?post=6401"}],"curies":[{"name":"wp","href":"https:\/\/api.w.org\/{rel}","templated":true}]}}