{"id":6403,"date":"2009-07-24T12:03:36","date_gmt":"2009-07-24T16:03:36","guid":{"rendered":"http:\/\/www.redenoticia.com.br\/noticia\/?p=6403"},"modified":"2009-07-24T12:03:36","modified_gmt":"2009-07-24T16:03:36","slug":"previsao-do-tempo-indica-chuva-alagamentos-e-frio-na-capital-paulista","status":"publish","type":"post","link":"https:\/\/migracao.redenoticia.com.br\/noticia\/2009\/previsao-do-tempo-indica-chuva-alagamentos-e-frio-na-capital-paulista\/6403","title":{"rendered":"Previs\u00e3o do tempo indica chuva, alagamentos e frio na capital paulista"},"content":{"rendered":"<p>Previs\u00e3o do tempo &#8211; Fim de semana segue com temperaturas baixas e tempo inst\u00e1vel. A frente fria que chegou ontem ao Estado de S\u00e3o Paulo mant\u00e9m o tempo inst\u00e1vel nesta sexta-feira e com temperaturas baixas na maior parte das localidades. Na Capital paulista, a chuva j\u00e1 havia provocado 15 pontos de alagamentos at\u00e9 \u00e0s 9h, segundo a a CET (Companhia de Engenharia de Tr\u00e1fego).<\/p>\n<p>De acordo com os meteorologistas da Somar, o frio s\u00f3 amenta no decorrer do dia e a m\u00e1xima de hoje na cidade de S\u00e3o Paulo foi registrada durante a madrugada, quando os term\u00f4metros marcaram 17\u00b0C. No per\u00edodo da tarde a temperatura fica na casa dos 15\u00b0C e \u00e0 noite chega a 13\u00b0C.<\/p>\n<p>No decorrer do fim de semana o volume de chuvas diminui, mas o tempo permanece inst\u00e1vel e frio. No s\u00e1bado, a m\u00ednima chega a 11\u00b0C e a m\u00e1xima n\u00e3o passa de 16\u00b0C. No domingo a temperatura sobe um pouco, com m\u00ednima prevista de 13\u00b0C e m\u00e1xima de at\u00e9 23\u00b0C.<\/p>\n","protected":false},"excerpt":{"rendered":"<p>Previs\u00e3o do tempo &#8211; Fim de semana segue com temperaturas baixas e tempo inst\u00e1vel. A frente fria que chegou ontem ao Estado de S\u00e3o Paulo mant\u00e9m o tempo inst\u00e1vel nesta sexta-feira e com temperaturas baixas na maior parte das localidades. Na Capital paulista, a chuva j\u00e1 havia provocado 15 pontos de alagamentos at\u00e9 \u00e0s 9h, [&hellip;]<\/p>\n","protected":false},"author":3,"featured_media":0,"comment_status":"open","ping_status":"open","sticky":false,"template":"","format":"standard","meta":{"tdm_status":"","tdm_grid_status":"","footnotes":""},"categories":[22],"tags":[],"class_list":{"0":"post-6403","1":"post","2":"type-post","3":"status-publish","4":"format-standard","6":"category-brasil"},"_links":{"self":[{"href":"https:\/\/migracao.redenoticia.com.br\/noticia\/wp-json\/wp\/v2\/posts\/6403","targetHints":{"allow":["GET"]}}],"collection":[{"href":"https:\/\/migracao.redenoticia.com.br\/noticia\/wp-json\/wp\/v2\/posts"}],"about":[{"href":"https:\/\/migracao.redenoticia.com.br\/noticia\/wp-json\/wp\/v2\/types\/post"}],"author":[{"embeddable":true,"href":"https:\/\/migracao.redenoticia.com.br\/noticia\/wp-json\/wp\/v2\/users\/3"}],"replies":[{"embeddable":true,"href":"https:\/\/migracao.redenoticia.com.br\/noticia\/wp-json\/wp\/v2\/comments?post=6403"}],"version-history":[{"count":0,"href":"https:\/\/migracao.redenoticia.com.br\/noticia\/wp-json\/wp\/v2\/posts\/6403\/revisions"}],"wp:attachment":[{"href":"https:\/\/migracao.redenoticia.com.br\/noticia\/wp-json\/wp\/v2\/media?parent=6403"}],"wp:term":[{"taxonomy":"category","embeddable":true,"href":"https:\/\/migracao.redenoticia.com.br\/noticia\/wp-json\/wp\/v2\/categories?post=6403"},{"taxonomy":"post_tag","embeddable":true,"href":"https:\/\/migracao.redenoticia.com.br\/noticia\/wp-json\/wp\/v2\/tags?post=6403"}],"curies":[{"name":"wp","href":"https:\/\/api.w.org\/{rel}","templated":true}]}}