{"id":6406,"date":"2009-07-24T12:05:41","date_gmt":"2009-07-24T16:05:41","guid":{"rendered":"http:\/\/www.redenoticia.com.br\/noticia\/?p=6406"},"modified":"2009-07-24T12:05:41","modified_gmt":"2009-07-24T16:05:41","slug":"previsao-do-tempo-indica-que-temperatura-chega-a-58-graus-negativos-em-sao-joaquim-sc","status":"publish","type":"post","link":"https:\/\/migracao.redenoticia.com.br\/noticia\/2009\/previsao-do-tempo-indica-que-temperatura-chega-a-58-graus-negativos-em-sao-joaquim-sc\/6406","title":{"rendered":"Previs\u00e3o do tempo indica que temperatura chega a 5,8 graus negativos em S\u00e3o Joaquim-SC"},"content":{"rendered":"<p>Previs\u00e3o do tempo &#8211; Desde 2004 a cidade n\u00e3o registrava frio t\u00e3o intenso. A massa de ar polar mais intensa dos \u00faltimos anos na Regi\u00e3o Sul deixou as temperaturas negativas em v\u00e1rios cidades nesta sexta-feira. Em S\u00e3o Joaquim, na serra catarinense, a m\u00ednima chegou a -5,8\u00b0C. Desde o dia 11\/07\/2004 a cidade n\u00e3o registrava uma temperatura t\u00e3o baixa, quando os term\u00f4metros marcaram -6,5\u00b0C. Ainda em Santa catarina, a m\u00ednima chegou a -2,4\u00b0C em Urubici e -2\u00b0C em Ca\u00e7ador.<br \/>\nNo Rio Grande do Sul, as temperaturas despencaram desde o in\u00edcio da madrugada. Em Vacaria a m\u00ednima chegou a -4,9\u00b0C e em S\u00e3o Jos\u00e9 dos Ausentes a -4,5\u00b0C, sendo que nesta \u00faltima, os ventos de 36km\/h provocaram sensa\u00e7\u00e3o t\u00e9rmica de -21\u00b0C. Na cidade de Quara\u00ed, na fronteira com o Uruguai, os term\u00f4metros marcaram -3,9\u00b0C, em Santana do Livramento a temperatura caiu para -3,6\u00b0C e em Erechim para -3,1\u00b0C. No Paran\u00e1, as temperaturas mais baixas foram registradas em General Carneiro com -2,2\u00b0C e Clevel\u00e2ndia com -2,1\u00b0C.<\/p>\n<p>De acordo com os meteorologistas da Somar, o sol predomina ao longo do dia, mas mesmo assim, as temperatura n\u00e3o sobem muito em toda a Regi\u00e3o. A m\u00e1xima prevista para hoje \u00e9 de apenas 7\u00b0C no noroeste e norte do Rio Grande do Sul e no sul de Santa Catarina, 10\u00b0C na maior parte dos Estados ga\u00facho e catarinense, al\u00e9m do sudoeste do Paran\u00e1. No leste e norte de Santa Catarina e em boa parte do Paran\u00e1, a m\u00e1xima varia entre 11\u00b0C e 19\u00b0C. As chuvas fracas desta sexta-feira atingem apenas o leste e nordeste do Paran\u00e1.<\/p>\n","protected":false},"excerpt":{"rendered":"<p>Previs\u00e3o do tempo &#8211; Desde 2004 a cidade n\u00e3o registrava frio t\u00e3o intenso. A massa de ar polar mais intensa dos \u00faltimos anos na Regi\u00e3o Sul deixou as temperaturas negativas em v\u00e1rios cidades nesta sexta-feira. Em S\u00e3o Joaquim, na serra catarinense, a m\u00ednima chegou a -5,8\u00b0C. Desde o dia 11\/07\/2004 a cidade n\u00e3o registrava uma [&hellip;]<\/p>\n","protected":false},"author":3,"featured_media":0,"comment_status":"open","ping_status":"open","sticky":false,"template":"","format":"standard","meta":{"tdm_status":"","tdm_grid_status":"","footnotes":""},"categories":[22],"tags":[],"class_list":{"0":"post-6406","1":"post","2":"type-post","3":"status-publish","4":"format-standard","6":"category-brasil"},"_links":{"self":[{"href":"https:\/\/migracao.redenoticia.com.br\/noticia\/wp-json\/wp\/v2\/posts\/6406","targetHints":{"allow":["GET"]}}],"collection":[{"href":"https:\/\/migracao.redenoticia.com.br\/noticia\/wp-json\/wp\/v2\/posts"}],"about":[{"href":"https:\/\/migracao.redenoticia.com.br\/noticia\/wp-json\/wp\/v2\/types\/post"}],"author":[{"embeddable":true,"href":"https:\/\/migracao.redenoticia.com.br\/noticia\/wp-json\/wp\/v2\/users\/3"}],"replies":[{"embeddable":true,"href":"https:\/\/migracao.redenoticia.com.br\/noticia\/wp-json\/wp\/v2\/comments?post=6406"}],"version-history":[{"count":0,"href":"https:\/\/migracao.redenoticia.com.br\/noticia\/wp-json\/wp\/v2\/posts\/6406\/revisions"}],"wp:attachment":[{"href":"https:\/\/migracao.redenoticia.com.br\/noticia\/wp-json\/wp\/v2\/media?parent=6406"}],"wp:term":[{"taxonomy":"category","embeddable":true,"href":"https:\/\/migracao.redenoticia.com.br\/noticia\/wp-json\/wp\/v2\/categories?post=6406"},{"taxonomy":"post_tag","embeddable":true,"href":"https:\/\/migracao.redenoticia.com.br\/noticia\/wp-json\/wp\/v2\/tags?post=6406"}],"curies":[{"name":"wp","href":"https:\/\/api.w.org\/{rel}","templated":true}]}}