{"id":6409,"date":"2009-07-24T12:09:26","date_gmt":"2009-07-24T16:09:26","guid":{"rendered":"http:\/\/www.redenoticia.com.br\/noticia\/?p=6409"},"modified":"2009-07-27T02:05:45","modified_gmt":"2009-07-27T02:05:45","slug":"clima-tempo-informa-previsao-para-o-final-de-semana-em-todo-o-brasil","status":"publish","type":"post","link":"https:\/\/migracao.redenoticia.com.br\/noticia\/2009\/clima-tempo-informa-previsao-para-o-final-de-semana-em-todo-o-brasil\/6409","title":{"rendered":"Clima tempo informa previs\u00e3o para o final de semana em todo o Brasil:"},"content":{"rendered":"<p>Fim de semana de temperaturas baixas no sul e calor no interior do nordeste. Confira os detalhes da previs\u00e3o da Climatempo para o final de semana em todo o Brasil come\u00e7ando pela\u00a0 Regi\u00e3o Sul. O Rio Grande do Sul e Santa Catarina registraram frio intenso na manh\u00e3 desta sexta-feira, devido \u00e0 chegada de uma massa de ar polar. A m\u00ednima registrada em Cambar\u00e1 do Sul e em S\u00e3o Joaquim foi a mesma: 5,8\u00b0C abaixo de zero. No interior do Paran\u00e1, a cidade de General Carneiro registrou m\u00ednima de -2,2\u00b0C. No Sul do Brasil, o fim de semana ser\u00e1 marcado pelo frio da massa polar. Mesmo com a presen\u00e7a do sol, a sensa\u00e7\u00e3o de frio vai persistir. As noites ficam geladas e h\u00e1 condi\u00e7\u00f5es para geada no interior e na capital. O frio tamb\u00e9m ser\u00e1 o principal respons\u00e1vel pela forma\u00e7\u00e3o da neblina, que poder\u00e1 reduzir a visibilidade nas estradas e nos aeroportos por v\u00e1rias horas. No domingo, o ar polar provoca frio e geada em quase todo o Rio Grande do Sul e novamente ser\u00e3o registradas temperaturas baixas em v\u00e1rias \u00e1reas. No centro-oeste de Santa Catarina, e do Paran\u00e1 h\u00e1 aumento de nebulosidade. Em Florian\u00f3polis, o sol aparece no meio de muitas nuvens e ocorrem pancadas de chuva. O tempo continua fechado no Vale Itaja\u00ed, Curitiba e norte do Paran\u00e1. A segunda-feira come\u00e7a com baixas temperaturas e forma\u00e7\u00e3o de geada, no Rio Grande do Sul e na serra catarinense.<\/p>\n<p>Regi\u00e3o Sudeste<\/p>\n<p>A frente fria avan\u00e7a sobre o Sudeste do pa\u00eds e o mar est\u00e1 subindo em todo o litoral paulista. Durante o fim de semana as ondas podem alcan\u00e7ar os 2 metros e meio. A previs\u00e3o \u00e9 de chuva e frio o dia todo em todo o Estado de S\u00e3o Paulo, Rio de Janeiro e o sul do Esp\u00edrito Santo. Segundo a Climatempo, o sol reaparece no domingo, mas o tempo ainda n\u00e3o fica firme. O c\u00e9u fica cheio de nuvens e ainda chove a qualquer hora do dia. Neste s\u00e1bado, a capital mineira tem aumento de nuvens e um pouco de chuva de fraca intensidade. No fim de semana, as pancadas de chuva e o frio chegam ao sul de Minas, Vale do Rio Doce e a Zona da Mata mineira. As demais \u00e1reas mineiras seguem com tempo firme sem chuva, devido \u00e0 influ\u00eancia do ar seco.<\/p>\n<p>Regi\u00e3o Centro-Oeste<\/p>\n<p>O s\u00e1bado ser\u00e1 marcado pela chuva e a massa de ar polar vai provocar forte queda de temperatura em Mato Grosso do Sul. A grande frente fria que avan\u00e7a pelo Centro-Oeste deve provocar aumento de nebulosidade no centro-sul de Goi\u00e1s e em Bras\u00edlia. Mas de forma geral, as duas cidades ter\u00e3o muito sol. No domingo, o tempo ainda fica chuvoso no sul de Mato Grosso do Sul. Na capital o sol reaparece, mas ainda ocorrem pancadas de chuva. As demais \u00e1reas da Regi\u00e3o Centro-Oeste tem um domingo de sol e tempo firme. Na segunda-feira as pancadas de chuva ocorrem somente no sul de Mato Grosso do Sul.<br \/>\nRegi\u00e3o Nordeste<\/p>\n<p>No fim de semana, uma grande massa de ar seco ganha for\u00e7a sobre o Nordeste e toda a Regi\u00e3o ter\u00e1 muito sol. Algumas precipita\u00e7\u00f5es poder\u00e3o ser observadas no litoral entre Natal e Salvador.<\/p>\n<p>Regi\u00e3o Norte<\/p>\n<p>Segundo os meteorologistas da Climatempo, as pancadas de chuva e o calor estar\u00e3o presentes na maior parte do Norte do Pa\u00eds. O Tocantins e o sul do Par\u00e1, passam o fim de semana com sol, calor e tempo seco. J\u00e1 no oeste de Rond\u00f4nia, no Acre e no sul do Amazonas a temperatura volta a baixar bastante e o s\u00e1bado ser\u00e1 marcado por chuva. Esse fen\u00f4meno, conhecido como &#8220;Friagem&#8221;, deve derrubar a temperatura para 12\u00baC em Rio Branco e para 17\u00baC em Porto Velho.<\/p>\n<p>Sobre o Grupo Climatempo<\/p>\n<p>O Grupo Climatempo \u00e9 a maior empresa privada de meteorologia do pa\u00eds. Uma holding formada pela Climatempo Consultoria, Ag\u00eancia Climatempo, a TV Climatempo e a CLIMANET (Internet, servi\u00e7os de tecnologia e inform\u00e1tica). Atualmente, o Grupo Climatempo fornece conte\u00fado para os principais portais do pa\u00eds, mais de 50 retransmissoras de televis\u00e3o do Brasil, r\u00e1dios e tem cerca de mil clientes. Os dois principais segmentos atendidos s\u00e3o o de agroneg\u00f3cios e meios de comunica\u00e7\u00e3o. Al\u00e9m destes, fornece conte\u00fado meteorol\u00f3gico estrat\u00e9gico para produtoras, a ind\u00fastria eletroeletr\u00f4nica e t\u00eaxtil, com\u00e9rcio, moda e turismo, constru\u00e7\u00e3o civil, setor de energia, entre outros setores.<\/p>\n","protected":false},"excerpt":{"rendered":"<p>Fim de semana de temperaturas baixas no sul e calor no interior do nordeste. Confira os detalhes da previs\u00e3o da Climatempo para o final de semana em todo o Brasil come\u00e7ando pela\u00a0 Regi\u00e3o Sul. O Rio Grande do Sul e Santa Catarina registraram frio intenso na manh\u00e3 desta sexta-feira, devido \u00e0 chegada de uma massa [&hellip;]<\/p>\n","protected":false},"author":3,"featured_media":0,"comment_status":"open","ping_status":"open","sticky":false,"template":"","format":"standard","meta":{"tdm_status":"","tdm_grid_status":"","footnotes":""},"categories":[22,327],"tags":[],"class_list":{"0":"post-6409","1":"post","2":"type-post","3":"status-publish","4":"format-standard","6":"category-brasil","7":"category-clima"},"_links":{"self":[{"href":"https:\/\/migracao.redenoticia.com.br\/noticia\/wp-json\/wp\/v2\/posts\/6409","targetHints":{"allow":["GET"]}}],"collection":[{"href":"https:\/\/migracao.redenoticia.com.br\/noticia\/wp-json\/wp\/v2\/posts"}],"about":[{"href":"https:\/\/migracao.redenoticia.com.br\/noticia\/wp-json\/wp\/v2\/types\/post"}],"author":[{"embeddable":true,"href":"https:\/\/migracao.redenoticia.com.br\/noticia\/wp-json\/wp\/v2\/users\/3"}],"replies":[{"embeddable":true,"href":"https:\/\/migracao.redenoticia.com.br\/noticia\/wp-json\/wp\/v2\/comments?post=6409"}],"version-history":[{"count":0,"href":"https:\/\/migracao.redenoticia.com.br\/noticia\/wp-json\/wp\/v2\/posts\/6409\/revisions"}],"wp:attachment":[{"href":"https:\/\/migracao.redenoticia.com.br\/noticia\/wp-json\/wp\/v2\/media?parent=6409"}],"wp:term":[{"taxonomy":"category","embeddable":true,"href":"https:\/\/migracao.redenoticia.com.br\/noticia\/wp-json\/wp\/v2\/categories?post=6409"},{"taxonomy":"post_tag","embeddable":true,"href":"https:\/\/migracao.redenoticia.com.br\/noticia\/wp-json\/wp\/v2\/tags?post=6409"}],"curies":[{"name":"wp","href":"https:\/\/api.w.org\/{rel}","templated":true}]}}