{"id":6413,"date":"2009-07-24T12:29:23","date_gmt":"2009-07-24T16:29:23","guid":{"rendered":"http:\/\/www.redenoticia.com.br\/noticia\/?p=6413"},"modified":"2009-07-24T12:29:23","modified_gmt":"2009-07-24T16:29:23","slug":"universitarios-do-para-vencem-etapa-nacional-e-vao-a-alemanha-para-final-do-sife-world-cup","status":"publish","type":"post","link":"https:\/\/migracao.redenoticia.com.br\/noticia\/2009\/universitarios-do-para-vencem-etapa-nacional-e-vao-a-alemanha-para-final-do-sife-world-cup\/6413","title":{"rendered":"Universit\u00e1rios do Par\u00e1 vencem etapa nacional e v\u00e3o \u00e0 Alemanha para final do Sife World Cup"},"content":{"rendered":"<p>Alunos do Centro Universit\u00e1rio do Par\u00e1 (Cesupa) foram vencedores, dia 16\/7, em S\u00e3o Paulo, do Pr\u00eamio SIFE Brasil de empreendedorismo, garantindo uma vaga para o SIFE World CUP, que acontecer\u00e1 em Berlim, no in\u00edcio de outubro.<\/p>\n<p>A SIFE (Students in Free Enterprise) \u00e9 uma organiza\u00e7\u00e3o sem fins lucrativos, presente em mais de 1400 campi universit\u00e1rios de mais de 40 pa\u00edses, com objetivo de conectar l\u00edderes executivos de hoje com os l\u00edderes executivos de amanh\u00e3, destacando projetos que possam melhorar a qualidade e padr\u00e3o de vida de pessoas pelo mundo todo.<\/p>\n<p>O Campeonato tem o intuito de selecionar, entre os times participantes, o que melhor conseguir alcan\u00e7ar resultados positivos com o desenvolvimento de projetos baseados nos crit\u00e9rios SIFE: Economia de Mercado, Habilidades de Sucesso, Empreendedorismo, Educa\u00e7\u00e3o Financeira, Sustentabilidade, \u00c9tica nos Neg\u00f3cios e Longevidade do Time.<\/p>\n<p>&#8220;\u00c9 uma honra ter essa oportunidade. Tentamos ano passado e n\u00e3o conseguimos. Agora com alguns ajustes conseguimos vencer&#8221;, conta Lucas G\u00f3es, aluno do \u00faltimo semestre de com\u00e9rcio exterior e coordenador do projeto Miriti &#8211; uns dos cinco projetos que levaram a equipe da Cesupa para a final, na Alemanha. &#8220;Esse pr\u00eamio abre portas para os novos empreendedores, o que \u00e9 muito importante para os alunos universit\u00e1rios, enfatiza G\u00f3es.<\/p>\n<p>O projeto Miriti se at\u00e9m a capacitar a m\u00e3o-de-obra e fazer consultoria para exporta\u00e7\u00e3o dos produtos confeccionados por artes\u00f5es de Abaetetuba, que fica a 100 km de Bel\u00e9m. Miriti \u00e9 uma palmeira da Amaz\u00f4nia, da qual se extrai uma madeira leve com isopor e fibras para confec\u00e7\u00e3o de brinquedos, bolsas e at\u00e9 j\u00f3ias.<\/p>\n<p>&#8220;Esperamos beneficiar diretamente cerca 120 artes\u00e3os participantes da ASAMAB (Associa\u00e7\u00e3o dos Artes\u00e3os de Miriti de Abaetetuba)&#8221;, conclui o coordenador do projeto.<\/p>\n<p>A equipe da Cesupa apresentou cinco projetos no campeonato, sendo eles: Projeto Empreendedor Universit\u00e1rio, Projeto Ambienta\u00e7\u00e3o, Projeto Miriti, Projeto Desafio SIFE Cesupa, e Projeto Investidor Jr.<\/p>\n","protected":false},"excerpt":{"rendered":"<p>Alunos do Centro Universit\u00e1rio do Par\u00e1 (Cesupa) foram vencedores, dia 16\/7, em S\u00e3o Paulo, do Pr\u00eamio SIFE Brasil de empreendedorismo, garantindo uma vaga para o SIFE World CUP, que acontecer\u00e1 em Berlim, no in\u00edcio de outubro. A SIFE (Students in Free Enterprise) \u00e9 uma organiza\u00e7\u00e3o sem fins lucrativos, presente em mais de 1400 campi universit\u00e1rios [&hellip;]<\/p>\n","protected":false},"author":3,"featured_media":0,"comment_status":"open","ping_status":"open","sticky":false,"template":"","format":"standard","meta":{"tdm_status":"","tdm_grid_status":"","footnotes":""},"categories":[22],"tags":[],"class_list":{"0":"post-6413","1":"post","2":"type-post","3":"status-publish","4":"format-standard","6":"category-brasil"},"_links":{"self":[{"href":"https:\/\/migracao.redenoticia.com.br\/noticia\/wp-json\/wp\/v2\/posts\/6413","targetHints":{"allow":["GET"]}}],"collection":[{"href":"https:\/\/migracao.redenoticia.com.br\/noticia\/wp-json\/wp\/v2\/posts"}],"about":[{"href":"https:\/\/migracao.redenoticia.com.br\/noticia\/wp-json\/wp\/v2\/types\/post"}],"author":[{"embeddable":true,"href":"https:\/\/migracao.redenoticia.com.br\/noticia\/wp-json\/wp\/v2\/users\/3"}],"replies":[{"embeddable":true,"href":"https:\/\/migracao.redenoticia.com.br\/noticia\/wp-json\/wp\/v2\/comments?post=6413"}],"version-history":[{"count":0,"href":"https:\/\/migracao.redenoticia.com.br\/noticia\/wp-json\/wp\/v2\/posts\/6413\/revisions"}],"wp:attachment":[{"href":"https:\/\/migracao.redenoticia.com.br\/noticia\/wp-json\/wp\/v2\/media?parent=6413"}],"wp:term":[{"taxonomy":"category","embeddable":true,"href":"https:\/\/migracao.redenoticia.com.br\/noticia\/wp-json\/wp\/v2\/categories?post=6413"},{"taxonomy":"post_tag","embeddable":true,"href":"https:\/\/migracao.redenoticia.com.br\/noticia\/wp-json\/wp\/v2\/tags?post=6413"}],"curies":[{"name":"wp","href":"https:\/\/api.w.org\/{rel}","templated":true}]}}