{"id":6417,"date":"2009-07-24T13:22:59","date_gmt":"2009-07-24T17:22:59","guid":{"rendered":"http:\/\/www.redenoticia.com.br\/noticia\/?p=6417"},"modified":"2009-07-24T13:22:59","modified_gmt":"2009-07-24T17:22:59","slug":"eduardo-suplicy-afirma-que-sarney-deve-ir-ao-conselho-de-etica","status":"publish","type":"post","link":"https:\/\/migracao.redenoticia.com.br\/noticia\/2009\/eduardo-suplicy-afirma-que-sarney-deve-ir-ao-conselho-de-etica\/6417","title":{"rendered":"Eduardo Suplicy afirma que Sarney deve ir ao conselho de \u00e9tica"},"content":{"rendered":"<p>Para o senador, presidente do Senado deve pedir licen\u00e7a do cargo. Em entrevista exclusiva \u00e0 R\u00e1dio Bandeirantes (AM 840 e FM 90,9), o senador Eduardo Suplicy (PT-SP) afirmou que o presidente do Senado, Jos\u00e9 Sarney, deve pedir licen\u00e7a do cargo e tomar a iniciativa de comparecer ao Conselho de \u00c9tica, antes mesmo de ser convocado para se explicar.<\/p>\n<p>Suplicy disse que o Senado passa por uma crise cuja responsabilidade \u00e9 dos 81 senadores e \u00e9 preciso tomar medidas com muita determina\u00e7\u00e3o para fazer que a Casa tenha responsabilidade de legislar e fiscalizar o Executivo e dar o exemplo.<\/p>\n<p>O senador Eduardo Suplicy foi entrevistado pelos jornalistas Jos\u00e9 Paulo de Andrade, Salom\u00e3o \u00c9sper e Joelmir Beting na edi\u00e7\u00e3o de hoje do &#8220;Jornal Gente&#8221;. A entrevista pode ser ouvida no site da R\u00e1dio Bandeirantes: http:\/\/www.radiobandeirantes.com.br\/notas.asp?ID=159512<\/p>\n","protected":false},"excerpt":{"rendered":"<p>Para o senador, presidente do Senado deve pedir licen\u00e7a do cargo. Em entrevista exclusiva \u00e0 R\u00e1dio Bandeirantes (AM 840 e FM 90,9), o senador Eduardo Suplicy (PT-SP) afirmou que o presidente do Senado, Jos\u00e9 Sarney, deve pedir licen\u00e7a do cargo e tomar a iniciativa de comparecer ao Conselho de \u00c9tica, antes mesmo de ser convocado [&hellip;]<\/p>\n","protected":false},"author":3,"featured_media":0,"comment_status":"open","ping_status":"open","sticky":false,"template":"","format":"standard","meta":{"tdm_status":"","tdm_grid_status":"","footnotes":""},"categories":[22],"tags":[],"class_list":{"0":"post-6417","1":"post","2":"type-post","3":"status-publish","4":"format-standard","6":"category-brasil"},"_links":{"self":[{"href":"https:\/\/migracao.redenoticia.com.br\/noticia\/wp-json\/wp\/v2\/posts\/6417","targetHints":{"allow":["GET"]}}],"collection":[{"href":"https:\/\/migracao.redenoticia.com.br\/noticia\/wp-json\/wp\/v2\/posts"}],"about":[{"href":"https:\/\/migracao.redenoticia.com.br\/noticia\/wp-json\/wp\/v2\/types\/post"}],"author":[{"embeddable":true,"href":"https:\/\/migracao.redenoticia.com.br\/noticia\/wp-json\/wp\/v2\/users\/3"}],"replies":[{"embeddable":true,"href":"https:\/\/migracao.redenoticia.com.br\/noticia\/wp-json\/wp\/v2\/comments?post=6417"}],"version-history":[{"count":0,"href":"https:\/\/migracao.redenoticia.com.br\/noticia\/wp-json\/wp\/v2\/posts\/6417\/revisions"}],"wp:attachment":[{"href":"https:\/\/migracao.redenoticia.com.br\/noticia\/wp-json\/wp\/v2\/media?parent=6417"}],"wp:term":[{"taxonomy":"category","embeddable":true,"href":"https:\/\/migracao.redenoticia.com.br\/noticia\/wp-json\/wp\/v2\/categories?post=6417"},{"taxonomy":"post_tag","embeddable":true,"href":"https:\/\/migracao.redenoticia.com.br\/noticia\/wp-json\/wp\/v2\/tags?post=6417"}],"curies":[{"name":"wp","href":"https:\/\/api.w.org\/{rel}","templated":true}]}}