{"id":6419,"date":"2009-07-24T13:38:40","date_gmt":"2009-07-24T17:38:40","guid":{"rendered":"http:\/\/www.redenoticia.com.br\/noticia\/?p=6419"},"modified":"2018-08-13T10:31:19","modified_gmt":"2018-08-13T13:31:19","slug":"a-bbb-priscila-pires-e-a-estrela-da-edicao-de-aniversario-da-playboy","status":"publish","type":"post","link":"https:\/\/migracao.redenoticia.com.br\/noticia\/2009\/a-bbb-priscila-pires-e-a-estrela-da-edicao-de-aniversario-da-playboy\/6419","title":{"rendered":"A BBB Priscila Pires \u00e9 a estrela da edi\u00e7\u00e3o de anivers\u00e1rio da Playboy"},"content":{"rendered":"<p>No dia 28 de julho, a tenta\u00e7\u00e3o do BBB, a morena do Big Brother Brasil 9, Priscila Pires, estar\u00e1 no Audit\u00f3rio Abril &#8211; localizado no mezanino do pr\u00e9dio da Editora Abril &#8211; para receber a imprensa em uma coletiva, precedida de caf\u00e9 da manh\u00e3. Devido \u00e0 imensa popularidade que ela adquiriu no BBB e atendendo a pedidos, Priscila foi escolhida para protagonizar a edi\u00e7\u00e3o de anivers\u00e1rio de 34 anos da PLAYBOY brasileira.<br \/>\nEm rela\u00e7\u00e3o \u00e0 honra &#8211; e responsabilidade &#8211; de ser o presente de anivers\u00e1rio da revista aos leitores, a BBB Priscila Pires avisa: &#8220;Queria que fosse algo que entrasse para ficar na hist\u00f3ria da revista&#8221;. Vai ficar. Clicadas pelo descolado Val\u00e9rio Trabanco, as fotos exibem a BBB Priscila Pires nua sendo carregada por animados garot\u00f5es de torso desnudo, enlouquecendo os frequentadores de um peep show e exibindo suas curvas no pole dance &#8211; com direito a notas de dinheiro maliciosamente colocadas na cinta-liga. Tudo isso foi registrado em uma boate do centro de S\u00e3o Paulo, em clima de inferninho &#8220;da pesada&#8221;, onde a lux\u00faria n\u00e3o teve &#8211; mesmo &#8211; limites. N\u00e3o por acaso, o ensaio da BBB Priscila Piresfoi batizado de Princesa Devassa. O olhar ultramoderno e sofisticado de Trabanco foi fundamental para que o resultado final fosse quente como se queria, mas classudo como a marca PLAYBOY exige.<\/p>\n<p>Toda essa ousadia deixou a BBB Priscila Pires muito, mas muito nervosa.&#8221;Foi complicado dormir&#8221;. E antes que perguntem, \u00e9 claro que o piercing t\u00e3o alardeado durante as exibi\u00e7\u00f5es do BBB9 &#8211; e localizado em uma das zonas mais er\u00f3genas do corpo da sister &#8211; continua l\u00e1, aguardando para ser espiado pelos \u00e1vidos leitores PLAYBOY.<\/p>\n<p>Outros presentinhos pol\u00eamicos da edi\u00e7\u00e3o de anivers\u00e1rio da PLAYBOY:Christiane Torloni no Entrevist\u00e3o &#8211; ela comenta a hist\u00f3rica foto de seu derri\u00e8re,registrada pela PLAYBOY em 1983 (claro que a imagem estar\u00e1 na revista) -; um conto de alta voltagem er\u00f3tica de Rubem Fonseca e a volta do sempre comentado ranking da cacha\u00e7a.<\/p>\n","protected":false},"excerpt":{"rendered":"<p>No dia 28 de julho, a tenta\u00e7\u00e3o do BBB, a morena do Big Brother Brasil 9, Priscila Pires, estar\u00e1 no Audit\u00f3rio Abril &#8211; localizado no mezanino do pr\u00e9dio da Editora Abril &#8211; para receber a imprensa em uma coletiva, precedida de caf\u00e9 da manh\u00e3. Devido \u00e0 imensa popularidade que ela adquiriu no BBB e atendendo [&hellip;]<\/p>\n","protected":false},"author":3,"featured_media":0,"comment_status":"open","ping_status":"open","sticky":false,"template":"","format":"standard","meta":{"tdm_status":"","tdm_grid_status":"","footnotes":""},"categories":[520,22],"tags":[],"class_list":{"0":"post-6419","1":"post","2":"type-post","3":"status-publish","4":"format-standard","6":"category-big-brother-brasil","7":"category-brasil"},"_links":{"self":[{"href":"https:\/\/migracao.redenoticia.com.br\/noticia\/wp-json\/wp\/v2\/posts\/6419","targetHints":{"allow":["GET"]}}],"collection":[{"href":"https:\/\/migracao.redenoticia.com.br\/noticia\/wp-json\/wp\/v2\/posts"}],"about":[{"href":"https:\/\/migracao.redenoticia.com.br\/noticia\/wp-json\/wp\/v2\/types\/post"}],"author":[{"embeddable":true,"href":"https:\/\/migracao.redenoticia.com.br\/noticia\/wp-json\/wp\/v2\/users\/3"}],"replies":[{"embeddable":true,"href":"https:\/\/migracao.redenoticia.com.br\/noticia\/wp-json\/wp\/v2\/comments?post=6419"}],"version-history":[{"count":0,"href":"https:\/\/migracao.redenoticia.com.br\/noticia\/wp-json\/wp\/v2\/posts\/6419\/revisions"}],"wp:attachment":[{"href":"https:\/\/migracao.redenoticia.com.br\/noticia\/wp-json\/wp\/v2\/media?parent=6419"}],"wp:term":[{"taxonomy":"category","embeddable":true,"href":"https:\/\/migracao.redenoticia.com.br\/noticia\/wp-json\/wp\/v2\/categories?post=6419"},{"taxonomy":"post_tag","embeddable":true,"href":"https:\/\/migracao.redenoticia.com.br\/noticia\/wp-json\/wp\/v2\/tags?post=6419"}],"curies":[{"name":"wp","href":"https:\/\/api.w.org\/{rel}","templated":true}]}}