{"id":6420,"date":"2009-07-24T13:36:43","date_gmt":"2009-07-24T17:36:43","guid":{"rendered":"http:\/\/www.redenoticia.com.br\/noticia\/?p=6420"},"modified":"2009-07-24T13:36:43","modified_gmt":"2009-07-24T17:36:43","slug":"estudante-de-taguatinga-df-ganha-casa-no-show-da-gente-no-sbt","status":"publish","type":"post","link":"https:\/\/migracao.redenoticia.com.br\/noticia\/2009\/estudante-de-taguatinga-df-ganha-casa-no-show-da-gente-no-sbt\/6420","title":{"rendered":"Estudante de Taguatinga-DF ganha casa no Show da Gente no SBT"},"content":{"rendered":"<p>No pr\u00f3ximo s\u00e1bado (25), durante o programa\u00a0<em>Show da Gente<\/em>, apresentado pelo cantor Netinho e transmitido pelo SBT, vai ao ar o segundo sorteio do\u00a0<em>Show de Pr\u00eamios<\/em>, da Microlins. A campanha \u00e9 reconhecida como a maior a\u00e7\u00e3o de marketing j\u00e1 realizada pela Rede. Estudantes de 19 estados foram contemplados com casas, motocicletas e computadores.<\/p>\n<p>Ao todo, foram mais de 80 mil cupons enviados pelas 730 franquias de todo o Brasil.\u00a0De acordo com Claudio Raymundo, gerente de marketing da Microlins, com essa iniciativa a empresa atingiu todas as suas expectativas e est\u00e1 satisfeita com os resultados.<\/p>\n<p>\u201cPela primeira vez uma rede de cursos profissionalizantes desenvolve uma campanha de tamanha grandeza como foi a\u00a0<em>Show de Pr\u00eamios<\/em>. Essa foi nossa primeira experi\u00eancia com campanhas de pr\u00eamios e, devido ao excelente resultado, n\u00e3o pretendemos parar. Estamos programando novas promo\u00e7\u00f5es para o pr\u00f3ximo ano\u201d, afirma o gerente.<\/p>\n<p>O ganhador da segunda casa foi o estudante Gilvanir Liarte da Silva, de 24 anos, morador de Taguatinga (DF). Ele\u00a0 frequenta o curso de Inform\u00e1tica da Microlins h\u00e1 um m\u00eas e n\u00e3o esconde o seu entusiasmo. \u201cCom o valor do pr\u00eamio vou comprar uma casa para meu pai, que mora em Barra do Piau\u00ed (PI). Foi uma surpresa imensa, havia in\u00fameros cupons, muitos participantes. Estou muito contente, toda a minha fam\u00edlia comemorou\u201d, disse o jovem.<\/p>\n<p>Para participar da promo\u00e7\u00e3o, os estudantes matriculados na Microlins preencheram os cupons com seus dados pessoais e responderem \u00e0 pergunta:\u00a0<em>Qual o nome da maior rede de escolas de cursos profissionalizantes do Brasil?<\/em><\/p>\n<p>O programa\u00a0<em>Show da Gente<\/em>, do SBT, \u00e9 transmitido aos s\u00e1bados, das 14h30 \u00e0s 17h30.<\/p>\n<p>* A premia\u00e7\u00e3o consiste num certificado de barras de ouro que totaliza R$ 50 mil e que d\u00e1 oportunidade para a compra de um im\u00f3vel.<\/p>\n","protected":false},"excerpt":{"rendered":"<p>No pr\u00f3ximo s\u00e1bado (25), durante o programa\u00a0Show da Gente, apresentado pelo cantor Netinho e transmitido pelo SBT, vai ao ar o segundo sorteio do\u00a0Show de Pr\u00eamios, da Microlins. A campanha \u00e9 reconhecida como a maior a\u00e7\u00e3o de marketing j\u00e1 realizada pela Rede. Estudantes de 19 estados foram contemplados com casas, motocicletas e computadores. Ao todo, [&hellip;]<\/p>\n","protected":false},"author":2,"featured_media":0,"comment_status":"open","ping_status":"open","sticky":false,"template":"","format":"standard","meta":{"tdm_status":"","tdm_grid_status":"","footnotes":""},"categories":[22],"tags":[],"class_list":{"0":"post-6420","1":"post","2":"type-post","3":"status-publish","4":"format-standard","6":"category-brasil"},"_links":{"self":[{"href":"https:\/\/migracao.redenoticia.com.br\/noticia\/wp-json\/wp\/v2\/posts\/6420","targetHints":{"allow":["GET"]}}],"collection":[{"href":"https:\/\/migracao.redenoticia.com.br\/noticia\/wp-json\/wp\/v2\/posts"}],"about":[{"href":"https:\/\/migracao.redenoticia.com.br\/noticia\/wp-json\/wp\/v2\/types\/post"}],"author":[{"embeddable":true,"href":"https:\/\/migracao.redenoticia.com.br\/noticia\/wp-json\/wp\/v2\/users\/2"}],"replies":[{"embeddable":true,"href":"https:\/\/migracao.redenoticia.com.br\/noticia\/wp-json\/wp\/v2\/comments?post=6420"}],"version-history":[{"count":0,"href":"https:\/\/migracao.redenoticia.com.br\/noticia\/wp-json\/wp\/v2\/posts\/6420\/revisions"}],"wp:attachment":[{"href":"https:\/\/migracao.redenoticia.com.br\/noticia\/wp-json\/wp\/v2\/media?parent=6420"}],"wp:term":[{"taxonomy":"category","embeddable":true,"href":"https:\/\/migracao.redenoticia.com.br\/noticia\/wp-json\/wp\/v2\/categories?post=6420"},{"taxonomy":"post_tag","embeddable":true,"href":"https:\/\/migracao.redenoticia.com.br\/noticia\/wp-json\/wp\/v2\/tags?post=6420"}],"curies":[{"name":"wp","href":"https:\/\/api.w.org\/{rel}","templated":true}]}}