{"id":6430,"date":"2009-07-24T13:54:11","date_gmt":"2009-07-24T17:54:11","guid":{"rendered":"http:\/\/www.redenoticia.com.br\/noticia\/?p=6430"},"modified":"2009-07-24T13:54:11","modified_gmt":"2009-07-24T17:54:11","slug":"metodista-inscricoes-abertas-para-a-universidade-da-terceira-idade","status":"publish","type":"post","link":"https:\/\/migracao.redenoticia.com.br\/noticia\/2009\/metodista-inscricoes-abertas-para-a-universidade-da-terceira-idade\/6430","title":{"rendered":"Metodista: Inscri\u00e7\u00f5es abertas para a Universidade da Terceira Idade"},"content":{"rendered":"<p>A Universidade da Terceira Idade Livre da Metodista recebe inscri\u00e7\u00f5es at\u00e9 o dia 31 de julho. Os interessados devem ter idade acima de 50 anos e comparecer \u00e0 Coordena\u00e7\u00e3o do curso, sala V102, no Campus Vergueiro (Av. Senador Vergueiro, 1301, Jardim do Mar \u2013 S\u00e3o Bernardo do Campo), munidos dos seguintes documentos: xerox do RG, CPF, comprovante de resid\u00eancia e uma foto 3&#215;4.<\/p>\n<p>As aulas iniciam no dia 04 de agosto e ocorrem sempre \u00e0s ter\u00e7as e quintas-feiras, das 14h \u00e0s 16h30.<\/p>\n<p>O curso \u00e9 semestral e os alunos podem escolher as disciplinas que desejam cursar. Para este semestre, s\u00e3o oferecidas diversas mat\u00e9rias, como psicologia, arte, m\u00fasica, italiano, \u00e9tica, educa\u00e7\u00e3o ambiental, agente social, inform\u00e1tica, dan\u00e7a de sal\u00e3o, coral, esportes, entre outros.<\/p>\n<p>A proposta da Universidade da Terceira Idade Livre \u00e9 propiciar uma nova compreens\u00e3o de vida a essas pessoas, como tamb\u00e9m a import\u00e2ncia de lutar por direitos, bem-estar, al\u00e9m de possibilitar espa\u00e7os de a\u00e7\u00e3o cidad\u00e3 e de contribui\u00e7\u00e3o social efetiva e volunt\u00e1ria \u00e0 comunidade.<\/p>\n<p>Informa\u00e7\u00f5es pelo telefone (11) 4366-5419<\/p>\n<p><strong>Servi\u00e7o<\/strong><\/p>\n<p>Universidade da Terceira Idade Livre da Metodista<\/p>\n<p>Inscri\u00e7\u00f5es at\u00e9 31 de julho<\/p>\n<p>Endere\u00e7o: Campus Vergueiro &#8211; Av. Senador Vergueiro, 1301, Jardim do Mar \u2013 S\u00e3o Bernardo do Campo<\/p>\n<p>Telefone: 4366-5000 \/ 5420 \/ 5419<br \/>\nSite:\u00a0<a href=\"http:\/\/www.metodista.br\/terceiraidade\" target=\"_blank\">www.metodista.br\/terceiraidade<\/a><\/p>\n","protected":false},"excerpt":{"rendered":"<p>A Universidade da Terceira Idade Livre da Metodista recebe inscri\u00e7\u00f5es at\u00e9 o dia 31 de julho. Os interessados devem ter idade acima de 50 anos e comparecer \u00e0 Coordena\u00e7\u00e3o do curso, sala V102, no Campus Vergueiro (Av. Senador Vergueiro, 1301, Jardim do Mar \u2013 S\u00e3o Bernardo do Campo), munidos dos seguintes documentos: xerox do RG, [&hellip;]<\/p>\n","protected":false},"author":2,"featured_media":0,"comment_status":"open","ping_status":"open","sticky":false,"template":"","format":"standard","meta":{"tdm_status":"","tdm_grid_status":"","footnotes":""},"categories":[22],"tags":[],"class_list":{"0":"post-6430","1":"post","2":"type-post","3":"status-publish","4":"format-standard","6":"category-brasil"},"_links":{"self":[{"href":"https:\/\/migracao.redenoticia.com.br\/noticia\/wp-json\/wp\/v2\/posts\/6430","targetHints":{"allow":["GET"]}}],"collection":[{"href":"https:\/\/migracao.redenoticia.com.br\/noticia\/wp-json\/wp\/v2\/posts"}],"about":[{"href":"https:\/\/migracao.redenoticia.com.br\/noticia\/wp-json\/wp\/v2\/types\/post"}],"author":[{"embeddable":true,"href":"https:\/\/migracao.redenoticia.com.br\/noticia\/wp-json\/wp\/v2\/users\/2"}],"replies":[{"embeddable":true,"href":"https:\/\/migracao.redenoticia.com.br\/noticia\/wp-json\/wp\/v2\/comments?post=6430"}],"version-history":[{"count":0,"href":"https:\/\/migracao.redenoticia.com.br\/noticia\/wp-json\/wp\/v2\/posts\/6430\/revisions"}],"wp:attachment":[{"href":"https:\/\/migracao.redenoticia.com.br\/noticia\/wp-json\/wp\/v2\/media?parent=6430"}],"wp:term":[{"taxonomy":"category","embeddable":true,"href":"https:\/\/migracao.redenoticia.com.br\/noticia\/wp-json\/wp\/v2\/categories?post=6430"},{"taxonomy":"post_tag","embeddable":true,"href":"https:\/\/migracao.redenoticia.com.br\/noticia\/wp-json\/wp\/v2\/tags?post=6430"}],"curies":[{"name":"wp","href":"https:\/\/api.w.org\/{rel}","templated":true}]}}