{"id":6435,"date":"2009-07-24T14:12:55","date_gmt":"2009-07-24T18:12:55","guid":{"rendered":"http:\/\/www.redenoticia.com.br\/noticia\/?p=6435"},"modified":"2009-07-24T14:12:55","modified_gmt":"2009-07-24T18:12:55","slug":"aposentados-criam-federacao-no-tocantins-e-divulgam-projeto-em-rondonia","status":"publish","type":"post","link":"https:\/\/migracao.redenoticia.com.br\/noticia\/2009\/aposentados-criam-federacao-no-tocantins-e-divulgam-projeto-em-rondonia\/6435","title":{"rendered":"Aposentados criam Federa\u00e7\u00e3o no Tocantins e divulgam projeto em Rond\u00f4nia"},"content":{"rendered":"<p>A nova diretoria da Confedera\u00e7\u00e3o Brasileira de Aposentados e Pensionistas (COBAP)\u00a0 acaba de cumprir mais um compromisso de campanha, oficializando a cria\u00e7\u00e3o da Federa\u00e7\u00e3o dos Aposentados, Pensionistas e Idosos do Estado do Tocantins. A constitui\u00e7\u00e3o, elei\u00e7\u00e3o e posse da primeira diretoria ocorreu na \u00faltima quarta-feira, 22 de julho, durante assembl\u00e9ia realizada na cidade de Para\u00edso do Tocantins. Num futuro pr\u00f3ximo, mais seis estados ter\u00e3o suas pr\u00f3prias federa\u00e7\u00f5es de aposentados: Amazonas, Rond\u00f4nia, Roraima, Amap\u00e1, Acre e Piau\u00ed.<\/p>\n<p>Quatro dirigentes da COBAP l\u00e1 estiveram para dar vida, corpo e reconhecimento p\u00fablico \u00e0 nova federa\u00e7\u00e3o. Foram eles: Warley Martins Gon\u00e7alles (presidente), Nelson de Miranda Os\u00f3rio (diretor de finan\u00e7as), Luis Legnani (vice de organiza\u00e7\u00f5es filiadas) e Luis Adalberto.<\/p>\n<p>Sete associa\u00e7\u00f5es de bases j\u00e1 se filiaram a Federa\u00e7\u00e3o do Tocantins: Cristal\u00e2ndia, Guarai, Palmas, Araguat\u00edns, Aragua\u00edna, Para\u00edso e Paudaco. Com mandato de quatro anos, a\u00a0 primeira diretoria est\u00e1 composta pelos seguintes dirigentes: Joaquim Jos\u00e9 de Oliveira (presidente), L\u00eddia Rodrigues da Silva (vice), Sebasti\u00e3o Rodrigues de Vasconcelos (tesoureiro), Le\u00f4nidas Duarte (2\u00ba tesoureiro), Paulo Ara\u00fajo Moraes (secret\u00e1rio) e Maria Elisabeth Hendges (2\u00aa tesoureira). O Conselho Fiscal da Federa\u00e7\u00e3o \u00e9 constitu\u00eddo por Antonio Pereira dos Santos, Idalina Rosa da Silva e Marlene Teixeira Figueredo. Na supl\u00eancia est\u00e3o Eva Aguiar de Souza, Maria da Cruz e Iderwin Pereira de Bonfim.<\/p>\n<p>Al\u00e9m da forma\u00e7\u00e3o da Federa\u00e7\u00e3o, a COBAP introduziu o sistema desconto em folha no estado do Tocantins, que brevemente estar\u00e1 filiando centenas de novos associados.<\/p>\n<p><a href=\"http:\/\/cobap.maquinaweb.com.br\/capa\/pagina.asp?ID=3\" target=\"_blank\"><strong>Aposentados<\/strong> 24\/07\/2009 | Por <strong>Richard Casal<\/strong><\/a><\/p>\n","protected":false},"excerpt":{"rendered":"<p>A nova diretoria da Confedera\u00e7\u00e3o Brasileira de Aposentados e Pensionistas (COBAP)\u00a0 acaba de cumprir mais um compromisso de campanha, oficializando a cria\u00e7\u00e3o da Federa\u00e7\u00e3o dos Aposentados, Pensionistas e Idosos do Estado do Tocantins. A constitui\u00e7\u00e3o, elei\u00e7\u00e3o e posse da primeira diretoria ocorreu na \u00faltima quarta-feira, 22 de julho, durante assembl\u00e9ia realizada na cidade de Para\u00edso [&hellip;]<\/p>\n","protected":false},"author":3,"featured_media":0,"comment_status":"open","ping_status":"open","sticky":false,"template":"","format":"standard","meta":{"tdm_status":"","tdm_grid_status":"","footnotes":""},"categories":[22],"tags":[],"class_list":{"0":"post-6435","1":"post","2":"type-post","3":"status-publish","4":"format-standard","6":"category-brasil"},"_links":{"self":[{"href":"https:\/\/migracao.redenoticia.com.br\/noticia\/wp-json\/wp\/v2\/posts\/6435","targetHints":{"allow":["GET"]}}],"collection":[{"href":"https:\/\/migracao.redenoticia.com.br\/noticia\/wp-json\/wp\/v2\/posts"}],"about":[{"href":"https:\/\/migracao.redenoticia.com.br\/noticia\/wp-json\/wp\/v2\/types\/post"}],"author":[{"embeddable":true,"href":"https:\/\/migracao.redenoticia.com.br\/noticia\/wp-json\/wp\/v2\/users\/3"}],"replies":[{"embeddable":true,"href":"https:\/\/migracao.redenoticia.com.br\/noticia\/wp-json\/wp\/v2\/comments?post=6435"}],"version-history":[{"count":0,"href":"https:\/\/migracao.redenoticia.com.br\/noticia\/wp-json\/wp\/v2\/posts\/6435\/revisions"}],"wp:attachment":[{"href":"https:\/\/migracao.redenoticia.com.br\/noticia\/wp-json\/wp\/v2\/media?parent=6435"}],"wp:term":[{"taxonomy":"category","embeddable":true,"href":"https:\/\/migracao.redenoticia.com.br\/noticia\/wp-json\/wp\/v2\/categories?post=6435"},{"taxonomy":"post_tag","embeddable":true,"href":"https:\/\/migracao.redenoticia.com.br\/noticia\/wp-json\/wp\/v2\/tags?post=6435"}],"curies":[{"name":"wp","href":"https:\/\/api.w.org\/{rel}","templated":true}]}}