{"id":6438,"date":"2009-07-24T14:28:09","date_gmt":"2009-07-24T18:28:09","guid":{"rendered":"http:\/\/www.redenoticia.com.br\/noticia\/?p=6438"},"modified":"2009-07-24T14:28:09","modified_gmt":"2009-07-24T18:28:09","slug":"taxa-de-mortalidade-por-gripe-suina-a-h1n1-no-brasil-e-de-0015-por-100-mil-habitantes","status":"publish","type":"post","link":"https:\/\/migracao.redenoticia.com.br\/noticia\/2009\/taxa-de-mortalidade-por-gripe-suina-a-h1n1-no-brasil-e-de-0015-por-100-mil-habitantes\/6438","title":{"rendered":"Taxa de mortalidade por gripe su\u00edna A (H1N1) no Brasil \u00e9 de 0,015 por 100 mil habitantes"},"content":{"rendered":"<p>Nota divulgada pelo Minist\u00e9rio da Sa\u00fade nesta sexta-feira (24) informa que no boletim Epidemiol\u00f3gico da Influenza de quinta-feira (23), por um erro t\u00e9cnico, foram computadas cinco\u00a0mortes a mais no\u00a0Rio Grande do Sul por Influenza A (H1N1). O n\u00famero correto de \u00f3bitos no Estado \u00e9 de 11 mortes. Com isso, somam 29 os \u00f3bitos confirmados no Brasil pela doen\u00e7a at\u00e9 o dia 22 de julho. Portanto, a taxa de mortalidade por gripe su\u00edna A (H1N1) no Brasil \u00e9 de 0,015 por 100 mil habitantes. As demais informa\u00e7\u00f5es presentes no boletim permanecem inalteradas.\u00a0O Minist\u00e9rio da sa\u00fade lamenta o equ\u00edvoco nas informa\u00e7\u00f5es anteriormente divulgadas.<\/p>\n<p>Os munic\u00edpios do Rio Grande do Sul com casos\u00a0de gripe su\u00edna A (H1N1) ter\u00e3o aumento no n\u00famero de leitos de UTI, em car\u00e1ter emergencial, at\u00e9 setembro. O an\u00fancio foi feito pelo secret\u00e1rio da Sa\u00fade, Osmar Terra, em reuni\u00e3o\u00a0na tarde desta quinta-feira (23), com os prefeitos de Uruguaiana, Sanchotene Felice, de Quara\u00ed, Jo\u00e3o Carlos Gediel, e de Barra do Quara\u00ed, Maher Jaber Mahmud.<\/p>\n<p>A reuni\u00e3o ocorreu no Aeroporto Rubem Berta, em Uruguaiana, e teve a participa\u00e7\u00e3o tamb\u00e9m dos secret\u00e1rios municipais de Sa\u00fade de S\u00e3o Borja, Ros\u00e1rio do Sul e Itaqui, e do deputado estadual Frederico Antunes.<\/p>\n","protected":false},"excerpt":{"rendered":"<p>Nota divulgada pelo Minist\u00e9rio da Sa\u00fade nesta sexta-feira (24) informa que no boletim Epidemiol\u00f3gico da Influenza de quinta-feira (23), por um erro t\u00e9cnico, foram computadas cinco\u00a0mortes a mais no\u00a0Rio Grande do Sul por Influenza A (H1N1). O n\u00famero correto de \u00f3bitos no Estado \u00e9 de 11 mortes. Com isso, somam 29 os \u00f3bitos confirmados no [&hellip;]<\/p>\n","protected":false},"author":3,"featured_media":0,"comment_status":"open","ping_status":"open","sticky":false,"template":"","format":"standard","meta":{"tdm_status":"","tdm_grid_status":"","footnotes":""},"categories":[22,5],"tags":[],"class_list":{"0":"post-6438","1":"post","2":"type-post","3":"status-publish","4":"format-standard","6":"category-brasil","7":"category-saude-e-vida"},"_links":{"self":[{"href":"https:\/\/migracao.redenoticia.com.br\/noticia\/wp-json\/wp\/v2\/posts\/6438","targetHints":{"allow":["GET"]}}],"collection":[{"href":"https:\/\/migracao.redenoticia.com.br\/noticia\/wp-json\/wp\/v2\/posts"}],"about":[{"href":"https:\/\/migracao.redenoticia.com.br\/noticia\/wp-json\/wp\/v2\/types\/post"}],"author":[{"embeddable":true,"href":"https:\/\/migracao.redenoticia.com.br\/noticia\/wp-json\/wp\/v2\/users\/3"}],"replies":[{"embeddable":true,"href":"https:\/\/migracao.redenoticia.com.br\/noticia\/wp-json\/wp\/v2\/comments?post=6438"}],"version-history":[{"count":0,"href":"https:\/\/migracao.redenoticia.com.br\/noticia\/wp-json\/wp\/v2\/posts\/6438\/revisions"}],"wp:attachment":[{"href":"https:\/\/migracao.redenoticia.com.br\/noticia\/wp-json\/wp\/v2\/media?parent=6438"}],"wp:term":[{"taxonomy":"category","embeddable":true,"href":"https:\/\/migracao.redenoticia.com.br\/noticia\/wp-json\/wp\/v2\/categories?post=6438"},{"taxonomy":"post_tag","embeddable":true,"href":"https:\/\/migracao.redenoticia.com.br\/noticia\/wp-json\/wp\/v2\/tags?post=6438"}],"curies":[{"name":"wp","href":"https:\/\/api.w.org\/{rel}","templated":true}]}}