{"id":6446,"date":"2009-07-24T15:10:43","date_gmt":"2009-07-24T19:10:43","guid":{"rendered":"http:\/\/www.redenoticia.com.br\/noticia\/?p=6446"},"modified":"2009-07-27T02:05:44","modified_gmt":"2009-07-27T02:05:44","slug":"climatempo-sao-paulo-pode-registrar-a-menor-temperatura-maxima-do-ano","status":"publish","type":"post","link":"https:\/\/migracao.redenoticia.com.br\/noticia\/2009\/climatempo-sao-paulo-pode-registrar-a-menor-temperatura-maxima-do-ano\/6446","title":{"rendered":"Climatempo &#8211;  S\u00e3o Paulo pode registrar a menor temperatura m\u00e1xima do ano"},"content":{"rendered":"<p>Amanh\u00e3, ar polar aumenta a sensa\u00e7\u00e3o de frio, prev\u00ea a meteorologia da Climatempo. S\u00e3o Paulo esfriou muito nas \u00faltimas 24 horas. A grande frente fria que avan\u00e7a sobre a Regi\u00e3o Sudeste espalha nuvens carregadas sobre o Estado. Junto com a chuva, a capital paulista j\u00e1 est\u00e1 recebendo o ar polar e a temperatura caiu um pouco em rela\u00e7\u00e3o \u00e0 ontem. Na tarde de hoje, a cidade de S\u00e3o Paulo, pode ter a menor temperatura m\u00e1xima do ano.<br \/>\nAs \u00e1reas de instabilidade desta grande frente fria ficam paradas sobre S\u00e3o Paulo neste fim de semana. Por conta do tempo chuvoso e da entrada do ar polar em S\u00e3o Paulo, a temperatura cai muito no Estado. Na noite desta sexta-feira e do s\u00e1bado, muitas cidades paulistas, incluindo a capital, poder\u00e3o ter as menores temperaturas \u00e0 tarde deste ano. De acordo com o Instituto Nacional de Meteorologia, a menor temperatura \u00e0 tarde deste ano no Mirante de Santana, na zona norte da cidade de S\u00e3o Paulo, foi de 15,5\u00baC, no dia 2 de junho.<\/p>\n<p>A frente fria avan\u00e7a sobre o Sudeste do Pa\u00eds e o mar est\u00e1 subindo em todo o litoral paulista. Durante o fim de semana as ondas podem alcan\u00e7ar os 2 metros. Segundo a Climatempo, o sol reaparece no domingo, mas o tempo ainda n\u00e3o fica firme. O c\u00e9u fica cheio de nuvens e ainda chove a qualquer hora do dia.<\/p>\n<p>Sobre o Grupo Climatempo<\/p>\n<p>O Grupo Climatempo \u00e9 a maior empresa privada de meteorologia do pa\u00eds. Uma holding formada pela Climatempo Consultoria, Ag\u00eancia Climatempo, a TV Climatempo e a CLIMANET (Internet, servi\u00e7os de tecnologia e inform\u00e1tica). Atualmente, o Grupo Climatempo fornece conte\u00fado para os principais portais do pa\u00eds, mais de 50 retransmissoras de televis\u00e3o do Brasil, r\u00e1dios e tem cerca de mil clientes. Os dois principais segmentos atendidos s\u00e3o o de agroneg\u00f3cios e meios de comunica\u00e7\u00e3o. Al\u00e9m destes, fornece conte\u00fado meteorol\u00f3gico estrat\u00e9gico para produtoras, a ind\u00fastria eletroeletr\u00f4nica e t\u00eaxtil, com\u00e9rcio, moda e turismo, constru\u00e7\u00e3o civil, setor de energia, entre outros setores.<\/p>\n","protected":false},"excerpt":{"rendered":"<p>Amanh\u00e3, ar polar aumenta a sensa\u00e7\u00e3o de frio, prev\u00ea a meteorologia da Climatempo. S\u00e3o Paulo esfriou muito nas \u00faltimas 24 horas. A grande frente fria que avan\u00e7a sobre a Regi\u00e3o Sudeste espalha nuvens carregadas sobre o Estado. Junto com a chuva, a capital paulista j\u00e1 est\u00e1 recebendo o ar polar e a temperatura caiu um [&hellip;]<\/p>\n","protected":false},"author":3,"featured_media":0,"comment_status":"open","ping_status":"open","sticky":false,"template":"","format":"standard","meta":{"tdm_status":"","tdm_grid_status":"","footnotes":""},"categories":[22,327],"tags":[],"class_list":{"0":"post-6446","1":"post","2":"type-post","3":"status-publish","4":"format-standard","6":"category-brasil","7":"category-clima"},"_links":{"self":[{"href":"https:\/\/migracao.redenoticia.com.br\/noticia\/wp-json\/wp\/v2\/posts\/6446","targetHints":{"allow":["GET"]}}],"collection":[{"href":"https:\/\/migracao.redenoticia.com.br\/noticia\/wp-json\/wp\/v2\/posts"}],"about":[{"href":"https:\/\/migracao.redenoticia.com.br\/noticia\/wp-json\/wp\/v2\/types\/post"}],"author":[{"embeddable":true,"href":"https:\/\/migracao.redenoticia.com.br\/noticia\/wp-json\/wp\/v2\/users\/3"}],"replies":[{"embeddable":true,"href":"https:\/\/migracao.redenoticia.com.br\/noticia\/wp-json\/wp\/v2\/comments?post=6446"}],"version-history":[{"count":0,"href":"https:\/\/migracao.redenoticia.com.br\/noticia\/wp-json\/wp\/v2\/posts\/6446\/revisions"}],"wp:attachment":[{"href":"https:\/\/migracao.redenoticia.com.br\/noticia\/wp-json\/wp\/v2\/media?parent=6446"}],"wp:term":[{"taxonomy":"category","embeddable":true,"href":"https:\/\/migracao.redenoticia.com.br\/noticia\/wp-json\/wp\/v2\/categories?post=6446"},{"taxonomy":"post_tag","embeddable":true,"href":"https:\/\/migracao.redenoticia.com.br\/noticia\/wp-json\/wp\/v2\/tags?post=6446"}],"curies":[{"name":"wp","href":"https:\/\/api.w.org\/{rel}","templated":true}]}}