{"id":6448,"date":"2009-07-24T15:23:48","date_gmt":"2009-07-24T19:23:48","guid":{"rendered":"http:\/\/www.redenoticia.com.br\/noticia\/?p=6448"},"modified":"2009-07-24T15:23:48","modified_gmt":"2009-07-24T19:23:48","slug":"no-para-a-banana-e-exemplo-de-empreendedorismo-em-assentamentos","status":"publish","type":"post","link":"https:\/\/migracao.redenoticia.com.br\/noticia\/2009\/no-para-a-banana-e-exemplo-de-empreendedorismo-em-assentamentos\/6448","title":{"rendered":"No Par\u00e1 a banana \u00e9 exemplo de empreendedorismo em assentamentos"},"content":{"rendered":"<p>H\u00e1 tr\u00eas anos um grupo de trabalhadores rurais do assentamento Gameleira criou o Festival da Banana no Par\u00e1, pois uma inquieta\u00e7\u00e3o os movia: a necessidade de divulgar e valorizar o cultivo do fruto t\u00edpico da regi\u00e3o.<br \/>\nO festival que tem a banana como estrela e est\u00e1 sendo realizado pelo terceiro ano consecutivo, apresenta a exposi\u00e7\u00e3o e venda de produtos feitos \u00e0 base da deliciosa fruta, s\u00e3o bolos, bolachas, tortas, brigadeiro, gel\u00e9ias, vinagre e em especial o licor de banana, carro chefe das vendas, com uma expectativa de comercializa\u00e7\u00e3o de mil unidades durante o festival.<\/p>\n<p>Est\u00e3o envolvidos na organiza\u00e7\u00e3o do evento, o assentamento Gameleira e outros cinco assentamentos: Liberdade, Felicidade, Lagoa Bonita, Patau\u00e1 e Vale do Mucura II. O terceiro Festival da Banana inicia nesta sexta-feira (24) e ter\u00e1 dura\u00e7\u00e3o de tr\u00eas dias. Al\u00e9m da exposi\u00e7\u00e3o e venda de banana e seus derivados, haver\u00e1 atra\u00e7\u00f5es culturais, competi\u00e7\u00f5es e corrida de jegue.<\/p>\n<p>Este ano o festival tem um gostinho de vit\u00f3ria, especialmente para as mulheres trabalhadoras rurais que manufaturam os produtos derivados da fruta. Elas acabam de conseguir o c\u00f3digo de barras da Ag\u00eancia Nacional de Vigil\u00e2ncia Sanit\u00e1ria (Anvisa) para seis dos seus produtos: doce, doce em calda, gel\u00e9ia, licor, vinagre e banana chips. Este \u00e9 o primeiro passo para obter os selos que certificam a comercializa\u00e7\u00e3o e at\u00e9 a exporta\u00e7\u00e3o destes produtos. Isto significa novas perspectivas e a concretiza\u00e7\u00e3o de um sonho.<\/p>\n<p><strong>Frutos mais saborosos e saud\u00e1veis<\/strong><\/p>\n<p>O saboroso fruto da bananeira, vendido in natura, d\u00e1 um lucro mensal de mais de R$ 2,5 mil a cada fam\u00edlia. Diversas variedades de banana s\u00e3o cultivadas, por\u00e9m a mais rent\u00e1vel \u00e9 a banana ma\u00e7\u00e3, uma caixa custa R$ 15.<\/p>\n<p>O acompanhamento da empresa prestadora de Assist\u00eancia T\u00e9cnica Social e Ambiental do Incra (Ates) \u00e9 fundamental para o cultivo de frutos de boa qualidade. \u201cEles nos orientam sobre as melhores t\u00e9cnicas de cultivo e controle de pragas. O resultado s\u00e3o frutos mais saborosos e maiores com grande acolhida tanto no mercado interno como fora do estado\u201d, explica o presidente do Sindicato dos Trabalhadores e Trabalhadoras da Agricultura Familiar (Sintraf), Eud\u00e9cio Gomes do Rego.<\/p>\n<p><strong>Agregando valor<\/strong><\/p>\n<p>A elabora\u00e7\u00e3o e venda dos derivados de banana agregam valor \u00e0 produ\u00e7\u00e3o. As mulheres est\u00e3o organizadas na Cooperativa de Artesanatos e Aprendizado Sociais, Doces e Derivados (COPASD). Atualmente, contam com 40 cooperadas e j\u00e1 tem uma cartela de mais de cem clientes interessados nos produtos.<\/p>\n<p>Muitos s\u00e3o os planos destas mulheres empreendedoras, que pretendem inaugurar, em setembro, uma loja para venda e exposi\u00e7\u00e3o das mercadorias em S\u00e3o Geraldo do Araguaia. Simultaneamente, elas lan\u00e7ar\u00e3o uma p\u00e1gina na Internet para divulga\u00e7\u00e3o e comercializa\u00e7\u00e3o dos produtos. Segundo V\u00e2nia Miranda, idealizadora da cooperativa, j\u00e1 existem v\u00e1rios interessados nos derivados de banana, tanto dentro do Brasil como no exterior, em diversos pa\u00edses da Europa.<\/p>\n","protected":false},"excerpt":{"rendered":"<p>H\u00e1 tr\u00eas anos um grupo de trabalhadores rurais do assentamento Gameleira criou o Festival da Banana no Par\u00e1, pois uma inquieta\u00e7\u00e3o os movia: a necessidade de divulgar e valorizar o cultivo do fruto t\u00edpico da regi\u00e3o. O festival que tem a banana como estrela e est\u00e1 sendo realizado pelo terceiro ano consecutivo, apresenta a exposi\u00e7\u00e3o [&hellip;]<\/p>\n","protected":false},"author":3,"featured_media":0,"comment_status":"open","ping_status":"open","sticky":false,"template":"","format":"standard","meta":{"tdm_status":"","tdm_grid_status":"","footnotes":""},"categories":[22,7],"tags":[],"class_list":{"0":"post-6448","1":"post","2":"type-post","3":"status-publish","4":"format-standard","6":"category-brasil","7":"category-economia"},"_links":{"self":[{"href":"https:\/\/migracao.redenoticia.com.br\/noticia\/wp-json\/wp\/v2\/posts\/6448","targetHints":{"allow":["GET"]}}],"collection":[{"href":"https:\/\/migracao.redenoticia.com.br\/noticia\/wp-json\/wp\/v2\/posts"}],"about":[{"href":"https:\/\/migracao.redenoticia.com.br\/noticia\/wp-json\/wp\/v2\/types\/post"}],"author":[{"embeddable":true,"href":"https:\/\/migracao.redenoticia.com.br\/noticia\/wp-json\/wp\/v2\/users\/3"}],"replies":[{"embeddable":true,"href":"https:\/\/migracao.redenoticia.com.br\/noticia\/wp-json\/wp\/v2\/comments?post=6448"}],"version-history":[{"count":0,"href":"https:\/\/migracao.redenoticia.com.br\/noticia\/wp-json\/wp\/v2\/posts\/6448\/revisions"}],"wp:attachment":[{"href":"https:\/\/migracao.redenoticia.com.br\/noticia\/wp-json\/wp\/v2\/media?parent=6448"}],"wp:term":[{"taxonomy":"category","embeddable":true,"href":"https:\/\/migracao.redenoticia.com.br\/noticia\/wp-json\/wp\/v2\/categories?post=6448"},{"taxonomy":"post_tag","embeddable":true,"href":"https:\/\/migracao.redenoticia.com.br\/noticia\/wp-json\/wp\/v2\/tags?post=6448"}],"curies":[{"name":"wp","href":"https:\/\/api.w.org\/{rel}","templated":true}]}}