{"id":64505,"date":"2015-03-09T15:03:21","date_gmt":"2015-03-09T18:03:21","guid":{"rendered":"http:\/\/www.redenoticia.com.br\/noticia\/?p=64505"},"modified":"2015-03-09T15:03:33","modified_gmt":"2015-03-09T18:03:33","slug":"novela-sete-vidas","status":"publish","type":"post","link":"https:\/\/migracao.redenoticia.com.br\/noticia\/2015\/novela-sete-vidas\/64505","title":{"rendered":"Novela &#8220;Sete Vidas&#8221;: elenco e personagens da trama"},"content":{"rendered":"<p><a href=\"https:\/\/migracao.redenoticia.com.br\/noticia\/imagens\/novela_sete_vidas_resumo_globo_capitulo.jpg\"><img loading=\"lazy\" decoding=\"async\" src=\"https:\/\/migracao.redenoticia.com.br\/noticia\/imagens\/novela_sete_vidas_resumo_globo_capitulo-187x187.jpg\" alt=\"novela_sete_vidas_resumo_globo_capitulo\" width=\"187\" height=\"187\" class=\"alignleft size-medium wp-image-67031\" srcset=\"https:\/\/migracao.redenoticia.com.br\/noticia\/imagens\/novela_sete_vidas_resumo_globo_capitulo-187x187.jpg 187w, https:\/\/migracao.redenoticia.com.br\/noticia\/imagens\/novela_sete_vidas_resumo_globo_capitulo.jpg 300w, https:\/\/migracao.redenoticia.com.br\/noticia\/imagens\/novela_sete_vidas_resumo_globo_capitulo-150x150.jpg 150w, https:\/\/migracao.redenoticia.com.br\/noticia\/imagens\/novela_sete_vidas_resumo_globo_capitulo-110x110.jpg 110w, https:\/\/migracao.redenoticia.com.br\/noticia\/imagens\/novela_sete_vidas_resumo_globo_capitulo-50x50.jpg 50w\" sizes=\"auto, (max-width: 187px) 100vw, 187px\" \/><\/a><strong><em>Novela &#8220;Sete Vidas&#8221;:<\/em><\/strong> a pr\u00f3xima novela das 6, &#8220;Sete Vidas&#8221;, j\u00e1 est\u00e1 a todo vapor! Escrita por L\u00edcia Manzo e com dire\u00e7\u00e3o de n\u00facleo de Jayme Monjardim, a novela est\u00e1 prevista para ir ao ar em mar\u00e7o de 2015. Na novela, Miguel foi doador de um banco de espermas e descobre que tem sete filhos, todos espalhados pelo mundo. Miguel decide ir atr\u00e1s de cada um deles. A novela trata das rela\u00e7\u00f5es humanas, pessoais e familiares. Parte do elenco, entre eles D\u00e9bora Bloch, Domingos Montagner, Regina Duarte, Jayme Matarazzo e Maria Flor, participaram de um workshop com o renomado coaching e diretor argentino Eduardo Milewicz. Al\u00e9m deles, Thiago Rodrigues, Vanessa Gerbelli, Maria Eduarda de Carvalho, Mariana Lima e Leticia Collin tamb\u00e9m participaram da prepara\u00e7\u00e3o.<\/p>\n<p>O casal protagonista de Sete Vidas, L\u00edgia e Miguel, ser\u00e1 interpretado por D\u00e9bora Bloch e Domingos Montagner, respectivamente. A dupla j\u00e1 enfrentou a grava\u00e7\u00e3o no frio das geleiras na cidade de El Calafate, na Patag\u00f4nia argentina. <\/p>\n<p>Isabelle Drummond dar\u00e1 vida a J\u00falia e enfrentou o frio da Patag\u00f4nia.<\/p>\n<p>Quem tamb\u00e9m gravou em El Calafate foi o ator Leonardo Medeiros, que interpreta Lauro, amigo de Miguel.<\/p>\n<p>Michel Noher, ator argentino, dar\u00e1 vida a Felipe, um dos irm\u00e3os concebidos por doa\u00e7\u00e3o. Na hist\u00f3ria, Felipe vai passar por uma reviravolta em sua vida e vai sofrer bastante. Michel fez uma participa\u00e7\u00e3o na novela O Rebu, onde deu vida ao piloto Antonio Gonzalez.<\/p>\n<p>Linda, sexy e cheia de personalidade. Essa \u00e9 a primeira impress\u00e3o que a personagem Laila deixa por onde passa. Considerada uma mulher impulsiva, sem filtros e para l\u00e1 de sincera, a loira interpretada por Maria Eduarda de Carvalho. Filha de um casal homossexual e irm\u00e3 g\u00eamea de Lu\u00eds, papel de Thiago Rodrigues, a gata vem para o Rio de Janeiro assim que descobre ter meio-irm\u00e3os gerados pelo mesmo doador de s\u00eamen an\u00f4nimo escolhido por suas m\u00e3es, Vivian e Esther &#8211; esta \u00faltima vivida por ningu\u00e9m menos que Regina Duarte. <\/p>\n<p>Thiago Rodrigues ser\u00e1 o advogado Lu\u00eds, pai de dois filhos e fruto de uma rela\u00e7\u00e3o homossexual. Esse \u00e9 Lu\u00eds, o g\u00eameo diametralmente oposto a Laila, papel de Maria Eduarda de Carvalho. O rapaz \u00e9 filho da personagem de Regina Duarte, Esther, que no passado formou um casal gay e escolheu a insemina\u00e7\u00e3o artificial para aumentar a fam\u00edlia. <\/p>\n<p>Jayme Matarazzo ser\u00e1 o bi\u00f3logo marinho Pedro, em Sete Vidas. O personagem Pedro passar\u00e1 um tempo em Fernando de Noronha para explorar a quest\u00e3o ambiental e o amor pela natureza. <\/p>\n<p>Fernanda Rodrigues se mostra entusiasmada para estrear como Virg\u00ednia, em Sete Vidas. Na nova novela das 6, a atriz vai interpretar uma arquiteta bem sucedida.<\/p>\n<p>Ghilherme Lobo faz sua estreia na televis\u00e3o como o personagem Bernardo, um adolescente de 15 anos e cheio de conflitos.<\/p>\n<p>&#8212;<br \/>\nElenco e Personagens<\/p>\n<p>Miguel &#8211; Domingos Montagner<br \/>\nL\u00edgia &#8211; Debora Bloch<br \/>\nPedro &#8211; Jayme Matarazzo<br \/>\nJ\u00falia &#8211; Isabelle Drummond<br \/>\nBernardo &#8211; Ghilherme Lobo<br \/>\nLaila &#8211; Maria Eduarda Carvalho<br \/>\nLu\u00eds &#8211; Thiago Rodrigues<br \/>\nFelipe &#8211; Michel Noher<br \/>\nLauro &#8211; Leonardo Medeiros<br \/>\nIsabel &#8211; Mariana Lima<br \/>\nAugusto &#8211; Marc\u00edlio Nogueira<br \/>\nIrene &#8211; Malu Galli<br \/>\nCaio &#8211; Fernando Alves Pinto<br \/>\nVin\u00edcius &#8211; Emilio de Melo<br \/>\nD\u00e1lia &#8211; Selma Egrei<br \/>\nDiana &#8211; Bianca Comparato<br \/>\nCarlos &#8211; Thierry Tremouroux<br \/>\nVicente &#8211; Angelo Antonio<br \/>\nArthurzinho &#8211; Andr\u00e9 Frateschi<br \/>\nIara &#8211; Walderez de Barros<br \/>\nVirg\u00ednia &#8211; Fernanda Rodrigues<br \/>\nMarta &#8211; Gisele Fr\u00f3es<br \/>\nEriberto &#8211; Fabio Herford<br \/>\nHel\u00f4 &#8211; Silvia Massari<br \/>\nRenan &#8211; Fernando Eiras<br \/>\nEdgard &#8211; Fernando Belo<br \/>\nElisa &#8211; Leticia Colin<br \/>\nGuida &#8211; Claudia Mello<br \/>\nRosa &#8211; Thais Garayp<br \/>\nAn\u00edbal &#8211; Luiz Serra<br \/>\nEsther &#8211; Regina Duarte<br \/>\nBranca &#8211; Maria Manoella<br \/>\nSofia &#8211; Milena Melo<br \/>\nLuca &#8211; Gabriel Palhares<br \/>\nMarlene &#8211; Cyria Coentro<br \/>\nDurval &#8211; Claudio Jaborandy<br \/>\nTa\u00eds &#8211; Maria Flor<br \/>\nMarina &#8211; Vanessa Gerbelli<br \/>\nMiguel (na adolesc\u00eancia) &#8211; Jesu\u00edta Barbosa<br \/>\nAugusto &#8211; Celso Frateschi<br \/>\nCatarina &#8211; Claudia Netto<\/p>\n<p>Fonte e Imagem Rede Globo &#8211; &#8220;Sete Vidas&#8221;<\/p>\n","protected":false},"excerpt":{"rendered":"<p>Novela &#8220;Sete Vidas&#8221;: a pr\u00f3xima novela das 6, &#8220;Sete Vidas&#8221;, j\u00e1 est\u00e1 a todo vapor! Escrita por L\u00edcia Manzo e com dire\u00e7\u00e3o de n\u00facleo de Jayme Monjardim, a novela est\u00e1 prevista para ir ao ar em mar\u00e7o de 2015. Na novela, Miguel foi doador de um banco de espermas e descobre que tem sete filhos, [&hellip;]<\/p>\n","protected":false},"author":2,"featured_media":67031,"comment_status":"open","ping_status":"closed","sticky":false,"template":"","format":"standard","meta":{"tdm_status":"","tdm_grid_status":"","footnotes":""},"categories":[379,375,343],"tags":[],"class_list":{"0":"post-64505","1":"post","2":"type-post","3":"status-publish","4":"format-standard","5":"has-post-thumbnail","7":"category-novelas","8":"category-rede-globo","9":"category-televisao"},"_links":{"self":[{"href":"https:\/\/migracao.redenoticia.com.br\/noticia\/wp-json\/wp\/v2\/posts\/64505","targetHints":{"allow":["GET"]}}],"collection":[{"href":"https:\/\/migracao.redenoticia.com.br\/noticia\/wp-json\/wp\/v2\/posts"}],"about":[{"href":"https:\/\/migracao.redenoticia.com.br\/noticia\/wp-json\/wp\/v2\/types\/post"}],"author":[{"embeddable":true,"href":"https:\/\/migracao.redenoticia.com.br\/noticia\/wp-json\/wp\/v2\/users\/2"}],"replies":[{"embeddable":true,"href":"https:\/\/migracao.redenoticia.com.br\/noticia\/wp-json\/wp\/v2\/comments?post=64505"}],"version-history":[{"count":0,"href":"https:\/\/migracao.redenoticia.com.br\/noticia\/wp-json\/wp\/v2\/posts\/64505\/revisions"}],"wp:featuredmedia":[{"embeddable":true,"href":"https:\/\/migracao.redenoticia.com.br\/noticia\/wp-json\/wp\/v2\/media\/67031"}],"wp:attachment":[{"href":"https:\/\/migracao.redenoticia.com.br\/noticia\/wp-json\/wp\/v2\/media?parent=64505"}],"wp:term":[{"taxonomy":"category","embeddable":true,"href":"https:\/\/migracao.redenoticia.com.br\/noticia\/wp-json\/wp\/v2\/categories?post=64505"},{"taxonomy":"post_tag","embeddable":true,"href":"https:\/\/migracao.redenoticia.com.br\/noticia\/wp-json\/wp\/v2\/tags?post=64505"}],"curies":[{"name":"wp","href":"https:\/\/api.w.org\/{rel}","templated":true}]}}