{"id":650,"date":"2009-04-16T23:51:22","date_gmt":"2009-04-17T03:51:22","guid":{"rendered":"http:\/\/www.redenoticia.com.br\/noticia\/2009\/04\/regularizao-fundiria-em-rondnia-ir-comear-em-julho\/"},"modified":"2011-03-08T10:45:57","modified_gmt":"2011-03-08T14:45:57","slug":"regularizao-fundiria-em-rondnia-ir-comear-em-julho","status":"publish","type":"post","link":"https:\/\/migracao.redenoticia.com.br\/noticia\/2009\/regularizao-fundiria-em-rondnia-ir-comear-em-julho\/650","title":{"rendered":"Regulariza\u00e7\u00e3o fundi\u00e1ria em Rond\u00f4nia ir\u00e1 come\u00e7ar em julho"},"content":{"rendered":"<p><img loading=\"lazy\" decoding=\"async\" style=\"border-right: 0px; border-top: 0px; display: inline; margin: 0px 10px 0px 0px; border-left: 0px; border-bottom: 0px\" title=\"regularizacao\" src=\"https:\/\/migracao.redenoticia.com.br\/noticia\/imagens\/regularizacao.jpg\" border=\"0\" alt=\"regularizacao\" width=\"221\" height=\"166\" align=\"left\" \/> Reuni\u00e3o entre o secret\u00e1rio de regulariza\u00e7\u00e3o fundi\u00e1ria do Minist\u00e9rio do<br \/>\nDesenvolvimento Agr\u00e1rio (MDA), Carlos Guedes, e equipe do\u00a0 Sistema de<br \/>\nProte\u00e7\u00e3o da Amaz\u00f4nia (Sipam), em Porto Velho, nesta quinta-feira, marcou o<br \/>\nin\u00edcio da parceria entre os \u00f3rg\u00e3os para a\u00e7\u00f5es do Programa Terra Legal em<br \/>\nRond\u00f4nia.<br \/>\nCriado a partir de altera\u00e7\u00f5es legais advindas da Medida Provis\u00f3ria 458, o<br \/>\nprograma visa acelerar o processo de cadastramento de posses e titula\u00e7\u00e3o<br \/>\nde propriedades rurais, al\u00e9m de regularizar \u00e1reas urbanas, na Amaz\u00f4nia.<br \/>\nPara isso, ser\u00e1 administrado pelo MDA e contar\u00e1 com apoio do governo do<br \/>\nestado e prefeituras municipais, al\u00e9m de \u00f3rg\u00e3os como Sipam e Patrim\u00f4nio da<br \/>\nUni\u00e3o (GRPU), que formar\u00e3o um conselho executivo.<br \/>\nEm Rond\u00f4nia, Porto Velho, Machadinho D\u201doeste, Nova Mamor\u00e9 e Pimenta Bueno,<br \/>\nmunic\u00edpios apontados pelo Minist\u00e9rio do Meio Ambiente como principais<br \/>\nfocos de desmatamento, ser\u00e3o os primeiros a receber as a\u00e7\u00f5es do Terra<br \/>\nLegal. \u201cO Sipam tem imagens de sat\u00e9lite e de radar desses munic\u00edpios, o<br \/>\nque pode ajudar muito o trabalho de t\u00e9cnicos em campo\u201d, explica Jos\u00e9<br \/>\nNeumar da Silveira, gerente regional do Sipam.<br \/>\nO Sipam tamb\u00e9m ir\u00e1 sediar a equipe do Terra legal em seu Centro de Porto<br \/>\nVelho e contribuir no planejamento e coordena\u00e7\u00e3o das a\u00e7\u00f5es. Al\u00e9m disso,<br \/>\npoder\u00e1 auxiliar na regulariza\u00e7\u00e3o das \u00e1reas urbanas desses munic\u00edpios,<br \/>\natrav\u00e9s do programa SipamCidade. \u201cEstamos muito satisfeitos com a recep\u00e7\u00e3o<br \/>\ne a disponibilidade do Sipam em participar do programa Terra Legal\u201d, disse<br \/>\nCarlos Guedes.<br \/>\nA\u00e7\u00f5es ambientais posteriores ao trabalho de cadastramento das posses pelo<br \/>\nMDA j\u00e1 est\u00e3o sendo planejadas pelo Sipam. O monitoramento das \u00e1reas para<br \/>\nverifica\u00e7\u00e3o da conserva\u00e7\u00e3o da reserva legal \u00e9 exemplo do que pode ser<br \/>\nfeito.<br \/>\nAs a\u00e7\u00f5es do programa Terra Legal iniciam em junho, com mutir\u00e3o em<br \/>\nJaci-Paran\u00e1.<\/p>\n","protected":false},"excerpt":{"rendered":"<p>Reuni\u00e3o entre o secret\u00e1rio de regulariza\u00e7\u00e3o fundi\u00e1ria do Minist\u00e9rio do Desenvolvimento Agr\u00e1rio (MDA), Carlos Guedes, e equipe do\u00a0 Sistema de Prote\u00e7\u00e3o da Amaz\u00f4nia (Sipam), em Porto Velho, nesta quinta-feira, marcou o in\u00edcio da parceria entre os \u00f3rg\u00e3os para a\u00e7\u00f5es do Programa Terra Legal em Rond\u00f4nia. Criado a partir de altera\u00e7\u00f5es legais advindas da Medida Provis\u00f3ria [&hellip;]<\/p>\n","protected":false},"author":2,"featured_media":0,"comment_status":"open","ping_status":"open","sticky":false,"template":"","format":"standard","meta":{"tdm_status":"","tdm_grid_status":"","footnotes":""},"categories":[22],"tags":[],"class_list":{"0":"post-650","1":"post","2":"type-post","3":"status-publish","4":"format-standard","6":"category-brasil"},"_links":{"self":[{"href":"https:\/\/migracao.redenoticia.com.br\/noticia\/wp-json\/wp\/v2\/posts\/650","targetHints":{"allow":["GET"]}}],"collection":[{"href":"https:\/\/migracao.redenoticia.com.br\/noticia\/wp-json\/wp\/v2\/posts"}],"about":[{"href":"https:\/\/migracao.redenoticia.com.br\/noticia\/wp-json\/wp\/v2\/types\/post"}],"author":[{"embeddable":true,"href":"https:\/\/migracao.redenoticia.com.br\/noticia\/wp-json\/wp\/v2\/users\/2"}],"replies":[{"embeddable":true,"href":"https:\/\/migracao.redenoticia.com.br\/noticia\/wp-json\/wp\/v2\/comments?post=650"}],"version-history":[{"count":0,"href":"https:\/\/migracao.redenoticia.com.br\/noticia\/wp-json\/wp\/v2\/posts\/650\/revisions"}],"wp:attachment":[{"href":"https:\/\/migracao.redenoticia.com.br\/noticia\/wp-json\/wp\/v2\/media?parent=650"}],"wp:term":[{"taxonomy":"category","embeddable":true,"href":"https:\/\/migracao.redenoticia.com.br\/noticia\/wp-json\/wp\/v2\/categories?post=650"},{"taxonomy":"post_tag","embeddable":true,"href":"https:\/\/migracao.redenoticia.com.br\/noticia\/wp-json\/wp\/v2\/tags?post=650"}],"curies":[{"name":"wp","href":"https:\/\/api.w.org\/{rel}","templated":true}]}}