{"id":654,"date":"2009-04-17T16:59:38","date_gmt":"2009-04-17T20:59:38","guid":{"rendered":"http:\/\/www.redenoticia.com.br\/noticia\/2009\/04\/atraso-na-regularizao-de-terrenos-em-ji-paran\/"},"modified":"2011-03-08T10:46:12","modified_gmt":"2011-03-08T14:46:12","slug":"atraso-na-regularizao-de-terrenos-em-ji-paran","status":"publish","type":"post","link":"https:\/\/migracao.redenoticia.com.br\/noticia\/2009\/atraso-na-regularizao-de-terrenos-em-ji-paran\/654","title":{"rendered":"Atraso na Regulariza\u00e7\u00e3o de Terrenos em Ji-Paran\u00e1"},"content":{"rendered":"<p><a href=\"https:\/\/migracao.redenoticia.com.br\/noticia\/imagens\/clip_image0021.jpg\"><img loading=\"lazy\" decoding=\"async\" style=\"border-right: 0px; border-top: 0px; display: inline; margin: 0px 40px 10px 0px; border-left: 0px; border-bottom: 0px\" title=\"clip_image002\" src=\"https:\/\/migracao.redenoticia.com.br\/noticia\/imagens\/clip_image002_thumb1.jpg\" border=\"0\" alt=\"clip_image002\" width=\"179\" height=\"107\" align=\"left\" \/><\/a>Aos 31 anos Ji-Paran\u00e1 ainda possui cerca de 70% dos im\u00f3veis sem escritura p\u00fablica.<\/p>\n<p>O projeto de regulariza\u00e7\u00e3o dos terrenos de Ji-Paran\u00e1 est\u00e1 seriamente prejudicado enquanto o deputado Euclides Maciel, o ex-deputado Leudo Burit\u00ed e o prefeito Bianco discutem sobre quem deve assumir a nova Secretaria de Regulariza\u00e7\u00e3o Fundi\u00e1ria, pasta que ainda n\u00e3o foi criada e nem aprovada pela C\u00e2mara de Vereadores.<\/p>\n<p>Em 2008, cerca de 10.000 propriedades dos bairros Parque S\u00e3o Pedro, Dom Bosco, Casa Preta, Centro, Urup\u00e1 e alguns lotes do Segundo Distrito em Ji-Paran\u00e1 receberem o t\u00edtulo definitivo das propriedades.<\/p>\n<p>Os terrenos com documenta\u00e7\u00e3o irregular est\u00e3o impossibilitados de ter acesso aos programas de cr\u00e9dito do Governo Federal.<\/p>\n","protected":false},"excerpt":{"rendered":"<p>Aos 31 anos Ji-Paran\u00e1 ainda possui cerca de 70% dos im\u00f3veis sem escritura p\u00fablica. O projeto de regulariza\u00e7\u00e3o dos terrenos de Ji-Paran\u00e1 est\u00e1 seriamente prejudicado enquanto o deputado Euclides Maciel, o ex-deputado Leudo Burit\u00ed e o prefeito Bianco discutem sobre quem deve assumir a nova Secretaria de Regulariza\u00e7\u00e3o Fundi\u00e1ria, pasta que ainda n\u00e3o foi criada [&hellip;]<\/p>\n","protected":false},"author":2,"featured_media":0,"comment_status":"open","ping_status":"open","sticky":false,"template":"","format":"standard","meta":{"tdm_status":"","tdm_grid_status":"","footnotes":""},"categories":[22],"tags":[],"class_list":{"0":"post-654","1":"post","2":"type-post","3":"status-publish","4":"format-standard","6":"category-brasil"},"_links":{"self":[{"href":"https:\/\/migracao.redenoticia.com.br\/noticia\/wp-json\/wp\/v2\/posts\/654","targetHints":{"allow":["GET"]}}],"collection":[{"href":"https:\/\/migracao.redenoticia.com.br\/noticia\/wp-json\/wp\/v2\/posts"}],"about":[{"href":"https:\/\/migracao.redenoticia.com.br\/noticia\/wp-json\/wp\/v2\/types\/post"}],"author":[{"embeddable":true,"href":"https:\/\/migracao.redenoticia.com.br\/noticia\/wp-json\/wp\/v2\/users\/2"}],"replies":[{"embeddable":true,"href":"https:\/\/migracao.redenoticia.com.br\/noticia\/wp-json\/wp\/v2\/comments?post=654"}],"version-history":[{"count":0,"href":"https:\/\/migracao.redenoticia.com.br\/noticia\/wp-json\/wp\/v2\/posts\/654\/revisions"}],"wp:attachment":[{"href":"https:\/\/migracao.redenoticia.com.br\/noticia\/wp-json\/wp\/v2\/media?parent=654"}],"wp:term":[{"taxonomy":"category","embeddable":true,"href":"https:\/\/migracao.redenoticia.com.br\/noticia\/wp-json\/wp\/v2\/categories?post=654"},{"taxonomy":"post_tag","embeddable":true,"href":"https:\/\/migracao.redenoticia.com.br\/noticia\/wp-json\/wp\/v2\/tags?post=654"}],"curies":[{"name":"wp","href":"https:\/\/api.w.org\/{rel}","templated":true}]}}