{"id":655,"date":"2009-04-17T17:05:21","date_gmt":"2009-04-17T21:05:21","guid":{"rendered":"http:\/\/www.redenoticia.com.br\/noticia\/2009\/04\/senadores-de-rondnia-j-gastaram-r-8956152-da-verba-indenizatria-em-2009\/"},"modified":"2011-03-08T10:46:25","modified_gmt":"2011-03-08T14:46:25","slug":"senadores-de-rondnia-j-gastaram-r-8956152-da-verba-indenizatria-em-2009","status":"publish","type":"post","link":"https:\/\/migracao.redenoticia.com.br\/noticia\/2009\/senadores-de-rondnia-j-gastaram-r-8956152-da-verba-indenizatria-em-2009\/655","title":{"rendered":"Senadores de Rond\u00f4nia j\u00e1 gastaram R$ 89.561,52 da Verba Indenizat\u00f3ria em 2009"},"content":{"rendered":"<p>Ap\u00f3s anos de resist\u00eancia em 2008 o Senado Federal passou a publicar dados sobre como os senadores gastam a verba chamada \u201cindenizat\u00f3ria\u201d a que t\u00eam direito.<\/p>\n<p>No que diz respeito \u00e0 verba \u201cindenizat\u00f3ria\u201d, os senadores, assim como os deputados federais e outros parlamentares brasileiros, t\u00eam direito a um estip\u00eandio mensal para gastos como correios,<\/p>\n<p>combust\u00edveis, aluguel de escrit\u00f3rio e outras despesas. No Senado esse aux\u00edlio \u00e9 de R$ 15 mil.<\/p>\n<p>Se o senador apresentar notas em um montante inferior aos R$ 15 mil em um m\u00eas, a quantia n\u00e3o utilizada fica a sua disposi\u00e7\u00e3o no m\u00eas seguinte. A possibilidade de dar destino ao montante acumulado \u00e9 encerrada ao fim de cada semestre.<\/p>\n<p>Al\u00e9m desse benef\u00edcio, os parlamentares contam com outra quantia mensal para o deslocamento a suas cidades de origem, al\u00e9m do uso de carros oficiais e outras regalias. Tais despesas, que s\u00e3o apresentadas como de suporte \u00e0 atividade parlamentar, ajudam a fazer do Senado Federal brasileiro a institui\u00e7\u00e3o parlamentar mais cara do mundo.<\/p>\n<p><a href=\"https:\/\/migracao.redenoticia.com.br\/noticia\/imagens\/senadogasto.jpg\"><img loading=\"lazy\" decoding=\"async\" style=\"border-right: 0px; border-top: 0px; display: block; float: none; margin-left: auto; border-left: 0px; margin-right: auto; border-bottom: 0px\" title=\"senadogasto\" src=\"https:\/\/migracao.redenoticia.com.br\/noticia\/imagens\/senadogasto_thumb.jpg\" border=\"0\" alt=\"senadogasto\" width=\"534\" height=\"341\" \/><\/a><\/p>\n<p>Fonte Senado e www.transparencia.org.br<\/p>\n","protected":false},"excerpt":{"rendered":"<p>Ap\u00f3s anos de resist\u00eancia em 2008 o Senado Federal passou a publicar dados sobre como os senadores gastam a verba chamada \u201cindenizat\u00f3ria\u201d a que t\u00eam direito. No que diz respeito \u00e0 verba \u201cindenizat\u00f3ria\u201d, os senadores, assim como os deputados federais e outros parlamentares brasileiros, t\u00eam direito a um estip\u00eandio mensal para gastos como correios, combust\u00edveis, [&hellip;]<\/p>\n","protected":false},"author":2,"featured_media":0,"comment_status":"open","ping_status":"open","sticky":false,"template":"","format":"standard","meta":{"tdm_status":"","tdm_grid_status":"","footnotes":""},"categories":[22],"tags":[],"class_list":{"0":"post-655","1":"post","2":"type-post","3":"status-publish","4":"format-standard","6":"category-brasil"},"_links":{"self":[{"href":"https:\/\/migracao.redenoticia.com.br\/noticia\/wp-json\/wp\/v2\/posts\/655","targetHints":{"allow":["GET"]}}],"collection":[{"href":"https:\/\/migracao.redenoticia.com.br\/noticia\/wp-json\/wp\/v2\/posts"}],"about":[{"href":"https:\/\/migracao.redenoticia.com.br\/noticia\/wp-json\/wp\/v2\/types\/post"}],"author":[{"embeddable":true,"href":"https:\/\/migracao.redenoticia.com.br\/noticia\/wp-json\/wp\/v2\/users\/2"}],"replies":[{"embeddable":true,"href":"https:\/\/migracao.redenoticia.com.br\/noticia\/wp-json\/wp\/v2\/comments?post=655"}],"version-history":[{"count":0,"href":"https:\/\/migracao.redenoticia.com.br\/noticia\/wp-json\/wp\/v2\/posts\/655\/revisions"}],"wp:attachment":[{"href":"https:\/\/migracao.redenoticia.com.br\/noticia\/wp-json\/wp\/v2\/media?parent=655"}],"wp:term":[{"taxonomy":"category","embeddable":true,"href":"https:\/\/migracao.redenoticia.com.br\/noticia\/wp-json\/wp\/v2\/categories?post=655"},{"taxonomy":"post_tag","embeddable":true,"href":"https:\/\/migracao.redenoticia.com.br\/noticia\/wp-json\/wp\/v2\/tags?post=655"}],"curies":[{"name":"wp","href":"https:\/\/api.w.org\/{rel}","templated":true}]}}