{"id":660,"date":"2009-04-17T17:37:02","date_gmt":"2009-04-17T21:37:02","guid":{"rendered":"http:\/\/www.redenoticia.com.br\/noticia\/2009\/04\/pronaf-prioridade-da-nova-superintendncia-do-bb-em-rondnia\/"},"modified":"2009-04-17T22:19:31","modified_gmt":"2009-04-18T02:19:31","slug":"pronaf-prioridade-da-nova-superintendncia-do-bb-em-rondnia","status":"publish","type":"post","link":"https:\/\/migracao.redenoticia.com.br\/noticia\/2009\/pronaf-prioridade-da-nova-superintendncia-do-bb-em-rondnia\/660","title":{"rendered":"PRONAF \u00e9 prioridade da nova Superintend\u00eancia do BB em Rond\u00f4nia"},"content":{"rendered":"<p><img decoding=\"async\" style=\"display: inline; margin: 0px 15px 0px 0px\" src=\"http:\/\/www.latec.com.br\/Portals\/0\/img\/logos\/logomarca_bb_115_64.gif\" alt=\"\" align=\"left\" \/><\/p>\n<p>A Superintend\u00eancia do Banco do Brasil em Rond\u00f4nia dever\u00e1 ter sua instala\u00e7\u00e3o conclu\u00edda num prazo de 15 a 30 dias, segundo informou o vice-presidente de Varejo e Distribui\u00e7\u00e3o do Banco do Brasil (BB), Milton Luciano dos Santos.<\/p>\n<p>Reinaldo Kazuo Fumi, que assumir\u00e1 a fun\u00e7\u00e3o de Superintendente, \u00e9 funcion\u00e1rio de carreira do banco e possui larga experi\u00eancia em agricultura familiar.<\/p>\n<p>Entre as muitas atribui\u00e7\u00f5es, Reinaldo dever\u00e1 dar aten\u00e7\u00e3o especial ao Pronaf e fortalecer o meio rural do Estado.<\/p>\n","protected":false},"excerpt":{"rendered":"<p>A Superintend\u00eancia do Banco do Brasil em Rond\u00f4nia dever\u00e1 ter sua instala\u00e7\u00e3o conclu\u00edda num prazo de 15 a 30 dias, segundo informou o vice-presidente de Varejo e Distribui\u00e7\u00e3o do Banco do Brasil (BB), Milton Luciano dos Santos. Reinaldo Kazuo Fumi, que assumir\u00e1 a fun\u00e7\u00e3o de Superintendente, \u00e9 funcion\u00e1rio de carreira do banco e possui larga [&hellip;]<\/p>\n","protected":false},"author":2,"featured_media":0,"comment_status":"open","ping_status":"open","sticky":false,"template":"","format":"standard","meta":{"tdm_status":"","tdm_grid_status":"","footnotes":""},"categories":[22],"tags":[],"class_list":{"0":"post-660","1":"post","2":"type-post","3":"status-publish","4":"format-standard","6":"category-brasil"},"_links":{"self":[{"href":"https:\/\/migracao.redenoticia.com.br\/noticia\/wp-json\/wp\/v2\/posts\/660","targetHints":{"allow":["GET"]}}],"collection":[{"href":"https:\/\/migracao.redenoticia.com.br\/noticia\/wp-json\/wp\/v2\/posts"}],"about":[{"href":"https:\/\/migracao.redenoticia.com.br\/noticia\/wp-json\/wp\/v2\/types\/post"}],"author":[{"embeddable":true,"href":"https:\/\/migracao.redenoticia.com.br\/noticia\/wp-json\/wp\/v2\/users\/2"}],"replies":[{"embeddable":true,"href":"https:\/\/migracao.redenoticia.com.br\/noticia\/wp-json\/wp\/v2\/comments?post=660"}],"version-history":[{"count":0,"href":"https:\/\/migracao.redenoticia.com.br\/noticia\/wp-json\/wp\/v2\/posts\/660\/revisions"}],"wp:attachment":[{"href":"https:\/\/migracao.redenoticia.com.br\/noticia\/wp-json\/wp\/v2\/media?parent=660"}],"wp:term":[{"taxonomy":"category","embeddable":true,"href":"https:\/\/migracao.redenoticia.com.br\/noticia\/wp-json\/wp\/v2\/categories?post=660"},{"taxonomy":"post_tag","embeddable":true,"href":"https:\/\/migracao.redenoticia.com.br\/noticia\/wp-json\/wp\/v2\/tags?post=660"}],"curies":[{"name":"wp","href":"https:\/\/api.w.org\/{rel}","templated":true}]}}