{"id":66122,"date":"2015-02-10T23:18:37","date_gmt":"2015-02-11T01:18:37","guid":{"rendered":"http:\/\/www.redenoticia.com.br\/noticia\/?p=66122"},"modified":"2018-08-13T10:42:14","modified_gmt":"2018-08-13T13:42:14","slug":"bbb-15-votacao-em-fernando-e-marco-movimenta-as-enquetes","status":"publish","type":"post","link":"https:\/\/migracao.redenoticia.com.br\/noticia\/2015\/bbb-15-votacao-em-fernando-e-marco-movimenta-as-enquetes\/66122","title":{"rendered":"\u201cBBB\u201d 15: vota\u00e7\u00e3o em Fernando e Marco movimentou as enquetes"},"content":{"rendered":"<p><a href=\"https:\/\/migracao.redenoticia.com.br\/noticia\/imagens\/bbb_enquete_votacao.jpg\"><img loading=\"lazy\" decoding=\"async\" class=\"alignleft size-medium wp-image-64479\" src=\"https:\/\/migracao.redenoticia.com.br\/noticia\/imagens\/bbb_enquete_votacao-187x187.jpg\" alt=\"bbb_enquete_votacao\" width=\"187\" height=\"187\" srcset=\"https:\/\/migracao.redenoticia.com.br\/noticia\/imagens\/bbb_enquete_votacao-187x187.jpg 187w, https:\/\/migracao.redenoticia.com.br\/noticia\/imagens\/bbb_enquete_votacao.jpg 300w, https:\/\/migracao.redenoticia.com.br\/noticia\/imagens\/bbb_enquete_votacao-150x150.jpg 150w, https:\/\/migracao.redenoticia.com.br\/noticia\/imagens\/bbb_enquete_votacao-110x110.jpg 110w, https:\/\/migracao.redenoticia.com.br\/noticia\/imagens\/bbb_enquete_votacao-50x50.jpg 50w\" sizes=\"auto, (max-width: 187px) 100vw, 187px\" \/><\/a><em><strong>\u201cBBB&#8221; 15 vota\u00e7\u00e3o enquete<\/strong><\/em>: em 10\/02, Pedro Bial anunciou que Marco recebeu 52% dos votos oficiais e foi eliminado do \u201cBBB\u201d 15. O pared\u00e3o come\u00e7ou no domingo, 08\/02, quando o anjo Talita imunizou Rafael. Logo depois, a L\u00edder Amanda ganhou o direito de vetar a decis\u00e3o do Anjo Talita, mas ela n\u00e3o usou este poder. A L\u00edder Amanda indicou Fernando para o pared\u00e3o. Na vota\u00e7\u00e3o da casa, Marco e Luan empataram com cinco votos. Amanda decidiu o empate e indicou Marco para o pared\u00e3o. Vota\u00e7\u00e3o da casa: Luan, Ang\u00e9lica, Tamires, Rafael e Talita votaram no Marco; Mariza, Adrilles, Marco, Aline e Fernando votaram em Luan; C\u00e9zar votou na Aline. No programa ao vivo, o apresentador Pedro Bial deu largada na vota\u00e7\u00e3o do pared\u00e3o Fernando e Marco. A vota\u00e7\u00e3o aconteceu at\u00e9 o programa ao vivo desta ter\u00e7a-feira, 10\/02. <\/p>\n<p>Vota\u00e7\u00e3o em Fernando e Marco movimentou as enquetes<\/p>\n<p>Evolu\u00e7\u00e3o da vota\u00e7\u00e3o na enquete Rede Not\u00edcia: Quem deve sair do &#8220;BBB&#8221; 15?<br \/>\n(09\/02 00h16) Fernando 53,23% (297 votos) e Marco 46,77% (261 votos) &#8211; Total de Votos 558.<br \/>\n(09\/02 08h30) Marco 53,44% (12.764 votos) e Fernando 46,56% (11.120 votos) &#8211; Total de Votos  23.884.<br \/>\n(09\/02 20h40) Marco 51,36% (33.107 votos) e Fernando 48,64% (31.352 votos) &#8211; Total de Votos  64.459.<br \/>\n(10\/02 10h39) Marco 51,47% (58.473 votos) e Fernando 48,53% (55.131 votos) &#8211; Total de Votos 113.604.<br \/>\n(10\/02 22h40) Marco 53,97% (97.315 votos) e Fernando 46,03% (83.005 votos) &#8211; Total de Votos 180.320.<\/p>\n<p>Na Enquete Uol &#8211; Entre Fernando e Marco, quem voc\u00ea acha que ser\u00e1 eliminado do &#8220;BBB15&#8221;, da TV Globo, no 3\u00ba pared\u00e3o?<br \/>\n(09\/02 00h16) Fernando 53,03% e Marco 46,97%<br \/>\n(09\/02 08h30) Fernando 49,70% e Marco 50,30%<br \/>\n(09\/02 20h40) Fernando 49,53% e Marco 50,47%<br \/>\n(10\/02 10h59) Fernando 49,99% e Marco 50,01%<br \/>\n(10\/02 22h40) Fernando 49,84% e Marco 50,16%<\/p>\n<p>A vota\u00e7\u00e3o oficial aconteceu no endere\u00e7o da\u00a0<a href=\"http:\/\/gshow.globo.com\/bbb\/bbb15\/index.html\" target=\"_blank\">Rede Globo \u201cBBB&#8221; 15<\/a> at\u00e9 o programa de elimina\u00e7\u00e3o ao vivo.<\/p>\n<p>Fonte \u201cBBB&#8221; 15 \u2013 Vota\u00e7\u00e3o Enquete<\/p>\n<p>Concorrentes \u201cBBB&#8221; 15 que entraram na casa em 20\/01: Adrilles, 40 anos, escritor de Belo Horizonte (MG); Amanda, 28 anos, empres\u00e1ria de S\u00e3o Paulo (SP); Ang\u00e9lica, 33 anos, auxiliar de enfermagem de Embu das Artes (SP); C\u00e9zar, 30 anos, estudante de direito de Guarapuava (PR); Douglas, 29 anos, motoboy de S\u00e3o Paulo (SP); Fernando, 32 anos, produtor cultural do Rio de Janeiro (RJ); Francieli, 36 anos, conciliadora criminal de Porto Alegre (RS); Luan, 23 anos, gerente de sal\u00e3o de beleza de Mesquita (RJ); Marco, 35 anos, te\u00f3logo de Curitiba (PR); Mariza, 51 anos, professora de artes de Recife (PE); Rafael, 21 anos, estudante de administra\u00e7\u00e3o de Vit\u00f3ria (ES); Talita, 22 anos, aeromo\u00e7a de Goi\u00e2nia (GO); e Tamires, 24 anos, cirurgi\u00e3 dentista de S\u00e3o Paulo (SP). Aline, 24 anos, de Belo Horizonte, entrou oficialmente no programa no dia 25\/01.<\/p>\n","protected":false},"excerpt":{"rendered":"<p>\u201cBBB&#8221; 15 vota\u00e7\u00e3o enquete: em 10\/02, Pedro Bial anunciou que Marco recebeu 52% dos votos oficiais e foi eliminado do \u201cBBB\u201d 15. O pared\u00e3o come\u00e7ou no domingo, 08\/02, quando o anjo Talita imunizou Rafael. Logo depois, a L\u00edder Amanda ganhou o direito de vetar a decis\u00e3o do Anjo Talita, mas ela n\u00e3o usou este poder. [&hellip;]<\/p>\n","protected":false},"author":2,"featured_media":64479,"comment_status":"open","ping_status":"closed","sticky":false,"template":"","format":"standard","meta":{"tdm_status":"","tdm_grid_status":"","footnotes":""},"categories":[520,375,343],"tags":[],"class_list":{"0":"post-66122","1":"post","2":"type-post","3":"status-publish","4":"format-standard","5":"has-post-thumbnail","7":"category-big-brother-brasil","8":"category-rede-globo","9":"category-televisao"},"_links":{"self":[{"href":"https:\/\/migracao.redenoticia.com.br\/noticia\/wp-json\/wp\/v2\/posts\/66122","targetHints":{"allow":["GET"]}}],"collection":[{"href":"https:\/\/migracao.redenoticia.com.br\/noticia\/wp-json\/wp\/v2\/posts"}],"about":[{"href":"https:\/\/migracao.redenoticia.com.br\/noticia\/wp-json\/wp\/v2\/types\/post"}],"author":[{"embeddable":true,"href":"https:\/\/migracao.redenoticia.com.br\/noticia\/wp-json\/wp\/v2\/users\/2"}],"replies":[{"embeddable":true,"href":"https:\/\/migracao.redenoticia.com.br\/noticia\/wp-json\/wp\/v2\/comments?post=66122"}],"version-history":[{"count":0,"href":"https:\/\/migracao.redenoticia.com.br\/noticia\/wp-json\/wp\/v2\/posts\/66122\/revisions"}],"wp:featuredmedia":[{"embeddable":true,"href":"https:\/\/migracao.redenoticia.com.br\/noticia\/wp-json\/wp\/v2\/media\/64479"}],"wp:attachment":[{"href":"https:\/\/migracao.redenoticia.com.br\/noticia\/wp-json\/wp\/v2\/media?parent=66122"}],"wp:term":[{"taxonomy":"category","embeddable":true,"href":"https:\/\/migracao.redenoticia.com.br\/noticia\/wp-json\/wp\/v2\/categories?post=66122"},{"taxonomy":"post_tag","embeddable":true,"href":"https:\/\/migracao.redenoticia.com.br\/noticia\/wp-json\/wp\/v2\/tags?post=66122"}],"curies":[{"name":"wp","href":"https:\/\/api.w.org\/{rel}","templated":true}]}}