{"id":662,"date":"2009-04-17T20:24:55","date_gmt":"2009-04-18T00:24:55","guid":{"rendered":"http:\/\/www.redenoticia.com.br\/noticia\/2009\/04\/enlogo-joo-valduga-em-rondnia\/"},"modified":"2011-03-08T10:47:01","modified_gmt":"2011-03-08T14:47:01","slug":"enlogo-joo-valduga-em-rondnia","status":"publish","type":"post","link":"https:\/\/migracao.redenoticia.com.br\/noticia\/2009\/enlogo-joo-valduga-em-rondnia\/662","title":{"rendered":"En\u00f3logo Jo\u00e3o Valduga em Rond\u00f4nia"},"content":{"rendered":"<p><img loading=\"lazy\" decoding=\"async\" style=\"border-right: 0px; border-top: 0px; display: inline; margin: 0px 15px 0px 0px; border-left: 0px; border-bottom: 0px\" title=\"vinho\" src=\"https:\/\/migracao.redenoticia.com.br\/noticia\/imagens\/vinho1.jpg\" border=\"0\" alt=\"vinho\" width=\"189\" height=\"240\" align=\"left\" \/> Entre os <strong>dias 21 e 25 de abril<\/strong>, o en\u00f3logo <strong>Jo\u00e3o Valduga<\/strong> far\u00e1 um circuito pelas principais <strong>cidades de Rond\u00f4nia<\/strong> para conduzir degusta\u00e7\u00f5es com vinhos e espumantes da <strong>Casa Valduga<\/strong>.<\/p>\n<p>Os en\u00f3filos de <strong>Porto Velho<\/strong>, <strong>Ji-Paran\u00e1<\/strong>, <strong>Cacoal <\/strong>e <strong>Vilhena <\/strong>poder\u00e3o apreciar durante jantares harmonizados com r\u00f3tulos da vin\u00edcola ga\u00facha toda a excel\u00eancia que faz da marca uma das principais do Pa\u00eds.<\/p>\n<p>Entre os vinhos selecionados para os eventos est\u00e3o o <strong>Casa Valduga Cabernet Sauvignon Gran Reserva<\/strong>, <strong>Casa Valduga Arte Elegance Cabernet Sauvignon<\/strong>, <strong>Casa Valduga Merlot Premium<\/strong>, al\u00e9m do premiado <strong>Chardonnay Gran Reserva 2008<\/strong>, considerado pela cr\u00edtica nacional e internacional o grande branco do Brasil.<\/p>\n<p>O en\u00f3logo ir\u00e1 realizar ainda degusta\u00e7\u00f5es especiais com os espumantes <strong>Amante Malbec<\/strong>, <strong>Prosecco Premium<\/strong>, <strong>Extra Brut Gran Reserva<\/strong>, <strong>Moscatel Premium<\/strong>, <strong>Arte Elegance Demi-Sec<\/strong> e <strong>Arte Brut<\/strong>.<\/p>\n<p>Confira a agenda de Jo\u00e3o Valduga em Rond\u00f4nia:<\/p>\n<ul>\n<li>21 de Abril &#8211; Porto Velho (RO) \u2013 Jantar no Restaurante San Genaro<\/li>\n<li>22 de Abril &#8211; Cacoal (RO) &#8211; Jantar no Espa\u00e7o Armaz\u00e9n<\/li>\n<li>23 de Abril &#8211; Ji-Paran\u00e1 (RO) &#8211; Jantar no Hotel Maximus<\/li>\n<li>24 de Abril &#8211; Vilhena (RO) &#8211; Jantar no Espa\u00e7o Nobre<\/li>\n<li>25 de Abril &#8211; Porto Velho (RO) &#8211; Jantar no Miyoshi Eventos<\/li>\n<\/ul>\n<p>En\u00f3logo Jo\u00e3o Valduga<\/p>\n<p><strong><\/strong><\/p>\n<p>Filho do patriarca Luiz Valduga, Jo\u00e3o Valduga acompanhou <em>in loco<\/em> a evolu\u00e7\u00e3o do vinho e da vin\u00edcola desde os processos artesanais outrora utilizados pela fam\u00edlia, at\u00e9 os dias de hoje com opera\u00e7\u00e3o das mais modernas tecnologias na elabora\u00e7\u00e3o de alguns dos mais apreciados e premiados vinhos nacionais.<\/p>\n<p>En\u00f3logo formado pela Escola Agrot\u00e9cnica Federal Presidente Juscelino Kubitschek, sua forma\u00e7\u00e3o t\u00e9cnica inclui trabalho de 23 anos como pesquisador da Embrapa na \u00e1rea vit\u00edcola e enol\u00f3gica. Bacharel em Economia, atualmente Jo\u00e3o Valduga desempenha as fun\u00e7\u00f5es de Diretor T\u00e9cnico da Casa Valduga.<\/p>\n","protected":false},"excerpt":{"rendered":"<p>Entre os dias 21 e 25 de abril, o en\u00f3logo Jo\u00e3o Valduga far\u00e1 um circuito pelas principais cidades de Rond\u00f4nia para conduzir degusta\u00e7\u00f5es com vinhos e espumantes da Casa Valduga. Os en\u00f3filos de Porto Velho, Ji-Paran\u00e1, Cacoal e Vilhena poder\u00e3o apreciar durante jantares harmonizados com r\u00f3tulos da vin\u00edcola ga\u00facha toda a excel\u00eancia que faz da [&hellip;]<\/p>\n","protected":false},"author":2,"featured_media":0,"comment_status":"open","ping_status":"open","sticky":false,"template":"","format":"standard","meta":{"tdm_status":"","tdm_grid_status":"","footnotes":""},"categories":[22],"tags":[],"class_list":{"0":"post-662","1":"post","2":"type-post","3":"status-publish","4":"format-standard","6":"category-brasil"},"_links":{"self":[{"href":"https:\/\/migracao.redenoticia.com.br\/noticia\/wp-json\/wp\/v2\/posts\/662","targetHints":{"allow":["GET"]}}],"collection":[{"href":"https:\/\/migracao.redenoticia.com.br\/noticia\/wp-json\/wp\/v2\/posts"}],"about":[{"href":"https:\/\/migracao.redenoticia.com.br\/noticia\/wp-json\/wp\/v2\/types\/post"}],"author":[{"embeddable":true,"href":"https:\/\/migracao.redenoticia.com.br\/noticia\/wp-json\/wp\/v2\/users\/2"}],"replies":[{"embeddable":true,"href":"https:\/\/migracao.redenoticia.com.br\/noticia\/wp-json\/wp\/v2\/comments?post=662"}],"version-history":[{"count":0,"href":"https:\/\/migracao.redenoticia.com.br\/noticia\/wp-json\/wp\/v2\/posts\/662\/revisions"}],"wp:attachment":[{"href":"https:\/\/migracao.redenoticia.com.br\/noticia\/wp-json\/wp\/v2\/media?parent=662"}],"wp:term":[{"taxonomy":"category","embeddable":true,"href":"https:\/\/migracao.redenoticia.com.br\/noticia\/wp-json\/wp\/v2\/categories?post=662"},{"taxonomy":"post_tag","embeddable":true,"href":"https:\/\/migracao.redenoticia.com.br\/noticia\/wp-json\/wp\/v2\/tags?post=662"}],"curies":[{"name":"wp","href":"https:\/\/api.w.org\/{rel}","templated":true}]}}