{"id":6650,"date":"2009-07-27T14:41:46","date_gmt":"2009-07-27T14:41:46","guid":{"rendered":"http:\/\/www.redenoticia.com.br\/noticia\/?p=6650"},"modified":"2009-07-27T14:44:42","modified_gmt":"2009-07-27T14:44:42","slug":"climatempo-preve-aumento-de-nebulosidade-em-sao-paulo-e-rio-de-janeiro","status":"publish","type":"post","link":"https:\/\/migracao.redenoticia.com.br\/noticia\/2009\/climatempo-preve-aumento-de-nebulosidade-em-sao-paulo-e-rio-de-janeiro\/6650","title":{"rendered":"Climatempo prev\u00ea aumento de nebulosidade em S\u00e3o Paulo e Rio de Janeiro"},"content":{"rendered":"<p>Climatempo &#8211; at\u00e9 ter\u00e7a-feira (28\/07) um sistema de baixa press\u00e3o pr\u00f3ximo ao litoral favorece a presen\u00e7a de muitas nuvens, mas n\u00e3o esconde totalmente o sol em S\u00e3o Paulo, Zona da Mata Mineira e no Rio de Janeiro. Nestas \u00e1reas, a nebulosidade aumenta ao longo do dia e ocorrem pancadas de chuva. No sul do Estado de S\u00e3o Paulo ainda chove o dia todo. Nas demais \u00e1reas da Regi\u00e3o, a presen\u00e7a do ar seco deixa o tempo firme.<br \/>\nNo Nordeste, nesta ter\u00e7a-feira, o sol aparece em toda a Regi\u00e3o Nordeste. Instabilidades que vem do mar provocam pancadas de chuva no litoral entre Aracaju e Natal e no norte do Maranh\u00e3o.<\/p>\n<p>No Centro-Oeste, o tempo permanece chuvoso nesta ter\u00e7a-feira no sul do Mato Grosso do Sul. Em Campo Grande, o sol aparece fraco no meio de muitas nuvens e ocorrem pancadas de chuva a qualquer hora. Nas demais \u00e1reas da Regi\u00e3o, o predom\u00ednio \u00e9 do ar seco, com umidade baixa em Goi\u00e1s, no Distrito Federal e no Mato Grosso.<\/p>\n<p>Sobre o Grupo Climatempo<\/p>\n<p>O Grupo Climatempo \u00e9 a maior empresa privada de meteorologia do pa\u00eds. Uma holding formada pela Climatempo Consultoria, Ag\u00eancia Climatempo, a TV Climatempo e a CLIMANET (Internet, servi\u00e7os de tecnologia e inform\u00e1tica). Atualmente, o Grupo Climatempo fornece conte\u00fado para os principais portais do pa\u00eds, mais de 50 retransmissoras de televis\u00e3o do Brasil, r\u00e1dios e tem cerca de mil clientes. Os dois principais segmentos atendidos s\u00e3o o de agroneg\u00f3cios e meios de comunica\u00e7\u00e3o. Al\u00e9m destes, fornece conte\u00fado meteorol\u00f3gico estrat\u00e9gico para produtoras, a ind\u00fastria eletroeletr\u00f4nica e t\u00eaxtil, com\u00e9rcio, moda e turismo, constru\u00e7\u00e3o civil, setor de energia, entre outros setores.<\/p>\n","protected":false},"excerpt":{"rendered":"<p>Climatempo &#8211; at\u00e9 ter\u00e7a-feira (28\/07) um sistema de baixa press\u00e3o pr\u00f3ximo ao litoral favorece a presen\u00e7a de muitas nuvens, mas n\u00e3o esconde totalmente o sol em S\u00e3o Paulo, Zona da Mata Mineira e no Rio de Janeiro. Nestas \u00e1reas, a nebulosidade aumenta ao longo do dia e ocorrem pancadas de chuva. No sul do Estado [&hellip;]<\/p>\n","protected":false},"author":2,"featured_media":0,"comment_status":"open","ping_status":"open","sticky":false,"template":"","format":"standard","meta":{"tdm_status":"","tdm_grid_status":"","footnotes":""},"categories":[22],"tags":[],"class_list":{"0":"post-6650","1":"post","2":"type-post","3":"status-publish","4":"format-standard","6":"category-brasil"},"_links":{"self":[{"href":"https:\/\/migracao.redenoticia.com.br\/noticia\/wp-json\/wp\/v2\/posts\/6650","targetHints":{"allow":["GET"]}}],"collection":[{"href":"https:\/\/migracao.redenoticia.com.br\/noticia\/wp-json\/wp\/v2\/posts"}],"about":[{"href":"https:\/\/migracao.redenoticia.com.br\/noticia\/wp-json\/wp\/v2\/types\/post"}],"author":[{"embeddable":true,"href":"https:\/\/migracao.redenoticia.com.br\/noticia\/wp-json\/wp\/v2\/users\/2"}],"replies":[{"embeddable":true,"href":"https:\/\/migracao.redenoticia.com.br\/noticia\/wp-json\/wp\/v2\/comments?post=6650"}],"version-history":[{"count":0,"href":"https:\/\/migracao.redenoticia.com.br\/noticia\/wp-json\/wp\/v2\/posts\/6650\/revisions"}],"wp:attachment":[{"href":"https:\/\/migracao.redenoticia.com.br\/noticia\/wp-json\/wp\/v2\/media?parent=6650"}],"wp:term":[{"taxonomy":"category","embeddable":true,"href":"https:\/\/migracao.redenoticia.com.br\/noticia\/wp-json\/wp\/v2\/categories?post=6650"},{"taxonomy":"post_tag","embeddable":true,"href":"https:\/\/migracao.redenoticia.com.br\/noticia\/wp-json\/wp\/v2\/tags?post=6650"}],"curies":[{"name":"wp","href":"https:\/\/api.w.org\/{rel}","templated":true}]}}