{"id":6654,"date":"2009-07-27T15:12:53","date_gmt":"2009-07-27T15:12:53","guid":{"rendered":"http:\/\/www.redenoticia.com.br\/noticia\/?p=6654"},"modified":"2009-07-27T15:12:53","modified_gmt":"2009-07-27T15:12:53","slug":"climatempo-preve-mais-chuva-no-mato-grosso-do-sul-e-ar-seco-em-goias","status":"publish","type":"post","link":"https:\/\/migracao.redenoticia.com.br\/noticia\/2009\/climatempo-preve-mais-chuva-no-mato-grosso-do-sul-e-ar-seco-em-goias\/6654","title":{"rendered":"Climatempo prev\u00ea mais chuva no Mato Grosso do Sul e ar seco em Goi\u00e1s"},"content":{"rendered":"<p>Segundo a Climatempo &#8211; at\u00e9 ter\u00e7a-feira (28\/07) o tempo permanece chuvoso no sul do Mato Grosso do Sul. Em Campo Grande, o sol aparece fraco no meio de muitas nuvens e ocorrem pancadas de chuva a qualquer hora. Nas demais \u00e1reas da Regi\u00e3o, o predom\u00ednio \u00e9 do ar seco, com umidade baixa em Goi\u00e1s, no Distrito Federal e no Mato Grosso.\u00a0<br \/>\nNo Nordeste, at\u00e9 ter\u00e7a-feira, o sol aparece em toda a Regi\u00e3o Nordeste. Instabilidades que vem do mar provocam pancadas de chuva no litoral entre Aracaju e Natal e no norte do Maranh\u00e3o.<\/p>\n<p>No Norte o calor e alta umidade do ar provocam pancadas de chuva no centro-norte do Amazonas, Roraima, norte do Par\u00e1 e Amap\u00e1, nesta ter\u00e7a-feira. Nas demais \u00e1reas, o ar seco predomina. O alerta \u00e9 para Tocantins que pode registrar umidade baixa nos pr\u00f3ximos dias.<\/p>\n<p>\u00a0Sobre o Grupo Climatempo<\/p>\n<p>O Grupo Climatempo \u00e9 a maior empresa privada de meteorologia do pa\u00eds. Uma holding formada pela Climatempo Consultoria, Ag\u00eancia Climatempo, a TV Climatempo e a CLIMANET (Internet, servi\u00e7os de tecnologia e inform\u00e1tica). Atualmente, o Grupo Climatempo fornece conte\u00fado para os principais portais do pa\u00eds, mais de 50 retransmissoras de televis\u00e3o do Brasil, r\u00e1dios e tem cerca de mil clientes. Os dois principais segmentos atendidos s\u00e3o o de agroneg\u00f3cios e meios de comunica\u00e7\u00e3o. Al\u00e9m destes, fornece conte\u00fado meteorol\u00f3gico estrat\u00e9gico para produtoras, a ind\u00fastria eletroeletr\u00f4nica e t\u00eaxtil, com\u00e9rcio, moda e turismo, constru\u00e7\u00e3o civil, setor de energia, entre outros setores.<\/p>\n<p>O Grupo \u00e9 presidido pelo meteorologista Carlos Magno, um dos primeiros comunicadores da profiss\u00e3o no Pa\u00eds, com mais de 23 anos de carreira, que ajudou a mudar a cultura que o brasileiro tinha sobre a meteorologia. O Grupo Climatempo conta ainda com Ana L\u00facia Frony vice-presidente, Renato Urbinder, s\u00f3cio-diretor (Diretor de Neg\u00f3cios e Projetos Especiais), e os diretores executivos Gilca Palma (Climatempo Meteorologia), Andr\u00e9 Madeira (Ag\u00eancia Climatempo) e o jornalista Paulo Polli (TV Climatempo) no Conselho Consultivo.<\/p>\n","protected":false},"excerpt":{"rendered":"<p>Segundo a Climatempo &#8211; at\u00e9 ter\u00e7a-feira (28\/07) o tempo permanece chuvoso no sul do Mato Grosso do Sul. Em Campo Grande, o sol aparece fraco no meio de muitas nuvens e ocorrem pancadas de chuva a qualquer hora. Nas demais \u00e1reas da Regi\u00e3o, o predom\u00ednio \u00e9 do ar seco, com umidade baixa em Goi\u00e1s, no [&hellip;]<\/p>\n","protected":false},"author":2,"featured_media":0,"comment_status":"open","ping_status":"open","sticky":false,"template":"","format":"standard","meta":{"tdm_status":"","tdm_grid_status":"","footnotes":""},"categories":[22],"tags":[],"class_list":{"0":"post-6654","1":"post","2":"type-post","3":"status-publish","4":"format-standard","6":"category-brasil"},"_links":{"self":[{"href":"https:\/\/migracao.redenoticia.com.br\/noticia\/wp-json\/wp\/v2\/posts\/6654","targetHints":{"allow":["GET"]}}],"collection":[{"href":"https:\/\/migracao.redenoticia.com.br\/noticia\/wp-json\/wp\/v2\/posts"}],"about":[{"href":"https:\/\/migracao.redenoticia.com.br\/noticia\/wp-json\/wp\/v2\/types\/post"}],"author":[{"embeddable":true,"href":"https:\/\/migracao.redenoticia.com.br\/noticia\/wp-json\/wp\/v2\/users\/2"}],"replies":[{"embeddable":true,"href":"https:\/\/migracao.redenoticia.com.br\/noticia\/wp-json\/wp\/v2\/comments?post=6654"}],"version-history":[{"count":0,"href":"https:\/\/migracao.redenoticia.com.br\/noticia\/wp-json\/wp\/v2\/posts\/6654\/revisions"}],"wp:attachment":[{"href":"https:\/\/migracao.redenoticia.com.br\/noticia\/wp-json\/wp\/v2\/media?parent=6654"}],"wp:term":[{"taxonomy":"category","embeddable":true,"href":"https:\/\/migracao.redenoticia.com.br\/noticia\/wp-json\/wp\/v2\/categories?post=6654"},{"taxonomy":"post_tag","embeddable":true,"href":"https:\/\/migracao.redenoticia.com.br\/noticia\/wp-json\/wp\/v2\/tags?post=6654"}],"curies":[{"name":"wp","href":"https:\/\/api.w.org\/{rel}","templated":true}]}}