{"id":66541,"date":"2015-02-18T12:53:07","date_gmt":"2015-02-18T14:53:07","guid":{"rendered":"http:\/\/www.redenoticia.com.br\/noticia\/?p=66541"},"modified":"2015-02-18T12:53:07","modified_gmt":"2015-02-18T14:53:07","slug":"mudancas-bruscas-de-temperatura-podem-acentuar-doencas-pulmonares","status":"publish","type":"post","link":"https:\/\/migracao.redenoticia.com.br\/noticia\/2015\/mudancas-bruscas-de-temperatura-podem-acentuar-doencas-pulmonares\/66541","title":{"rendered":"Mudan\u00e7as bruscas de temperatura podem acentuar doen\u00e7as pulmonares"},"content":{"rendered":"<p> Em algumas regi\u00f5es do pa\u00eds, onde a instabilidade clim\u00e1tica \u00e9 frequente, portadores de <strong><em>doen\u00e7as respirat\u00f3rias<\/em><\/strong> cr\u00f4nicas podem sofrer com as bruscas varia\u00e7\u00f5es de temperatura. Com epis\u00f3dios de calor, frio e chuva, tudo no mesmo dia, em poucas horas o organismo \u00e9 diretamente afetado. \u201cEntrar e sair de ambientes quentes para os frios e vice-versa podem causar desconforto e desencadear crises em pacientes com rinite, asma, doen\u00e7a pulmonar obstrutiva cr\u00f4nica (DPOC), por exemplo\u201d, explica o pneumologista Mauro Gomes, diretor da Sub-Comiss\u00e3o de Infec\u00e7\u00f5es Respirat\u00f3rias e Micoses da Sociedade Paulista de Pneumologia e Tisiologia (SPPT).<\/p>\n<p>Aten\u00e7\u00e3o o ano todo! <\/p>\n<p>N\u00e3o \u00e9 somente no outono e inverno que as doen\u00e7as como gripe e pneumonia podem ocorrer. Segundo a Organiza\u00e7\u00e3o Mundial de Sa\u00fade, de 5% a 10% da popula\u00e7\u00e3o mundial \u00e9 anualmente atingida pelo v\u00edrus da influenza. Todavia, medidas simples podem reprimir a propaga\u00e7\u00e3o: tossir protegendo a boca, lavar as m\u00e3os, permanecer em locais arejados, evitar ambientes com aglomera\u00e7\u00e3o de pessoas, hidratar-se e evitar contato com doentes s\u00e3o algumas das precau\u00e7\u00f5es.<\/p>\n<p>Com a eleva\u00e7\u00e3o das temperaturas, o cuidado deve ser dobrado, principalmente pelo maior uso de ar condicionado \u2013 cuja fun\u00e7\u00e3o reduz a umidade do ar. Segundo o pneumologista, a maioria das pessoas n\u00e3o sente inc\u00f4modo, diferentemente das portadoras de doen\u00e7as respirat\u00f3rias. \u201cA mucosa respirat\u00f3ria nesses casos \u00e9 mais sens\u00edvel e reage exageradamente a pequenos est\u00edmulos, tais como ar frio e seco, poeira dom\u00e9stica, fuma\u00e7a do cigarro, polui\u00e7\u00e3o ambiental e at\u00e9 mesmo situa\u00e7\u00f5es de estresse\u201d.<\/p>\n<p>Quanto ao ventilador, tamb\u00e9m bastante utilizado no calor, n\u00e3o h\u00e1 o ressecamento do ar. O cuidado com esse aparelho \u00e9 referente \u00e0 limpeza do local, evitando a propaga\u00e7\u00e3o de \u00e1caro e eventuais crises, especialmente nos al\u00e9rgicos.<\/p>\n<p>Ar condicionado sempre limpo<\/p>\n<p>Popular no ver\u00e3o, o aparelho, assim como os dutos de ventila\u00e7\u00e3o e o reservat\u00f3rio de \u00e1gua, requerem uma adequada manuten\u00e7\u00e3o e filtros limpos periodicamente. \u201cExiste uma bact\u00e9ria chamada Legionella pneumophila que habita os sistemas de reservat\u00f3rio de \u00e1gua de ar condicionado central e que pode ser disseminada pelos ambientes por meio dos dutos. A Legionella causa uma forma grave de pneumonia que pode ser fatal\u201d, alerta Gomes.<\/p>\n<p>O sistema tamb\u00e9m pode ser colonizado por fungos, os quais, disseminados, levam a quadros al\u00e9rgicos mais ou menos graves. \u201cNa forma menos grave pode provocar sintomas inespec\u00edficos: irrita\u00e7\u00e3o nas mucosas do nariz, da laringe ou olhos, chiado e tosse, tontura, dor de cabe\u00e7a, letargia ou irritabilidade. A outra pode levar a Pneumonia de Hipersensibilidade, possivelmente irrevers\u00edvel, que prejudica a capacidade pulmonar de captar oxig\u00eanio\u201d, conclui o especialista.<\/p>\n<p>Acontece Comunica\u00e7\u00e3o e Not\u00edcias<br \/>\nGiovanna Frugis, Felipe Luna, Kelly Silva Karina Morais<\/p>\n","protected":false},"excerpt":{"rendered":"<p>Em algumas regi\u00f5es do pa\u00eds, onde a instabilidade clim\u00e1tica \u00e9 frequente, portadores de doen\u00e7as respirat\u00f3rias cr\u00f4nicas podem sofrer com as bruscas varia\u00e7\u00f5es de temperatura. Com epis\u00f3dios de calor, frio e chuva, tudo no mesmo dia, em poucas horas o organismo \u00e9 diretamente afetado. \u201cEntrar e sair de ambientes quentes para os frios e vice-versa podem [&hellip;]<\/p>\n","protected":false},"author":2,"featured_media":28409,"comment_status":"open","ping_status":"closed","sticky":false,"template":"","format":"standard","meta":{"tdm_status":"","tdm_grid_status":"","footnotes":""},"categories":[22,5],"tags":[],"class_list":{"0":"post-66541","1":"post","2":"type-post","3":"status-publish","4":"format-standard","5":"has-post-thumbnail","7":"category-brasil","8":"category-saude-e-vida"},"_links":{"self":[{"href":"https:\/\/migracao.redenoticia.com.br\/noticia\/wp-json\/wp\/v2\/posts\/66541","targetHints":{"allow":["GET"]}}],"collection":[{"href":"https:\/\/migracao.redenoticia.com.br\/noticia\/wp-json\/wp\/v2\/posts"}],"about":[{"href":"https:\/\/migracao.redenoticia.com.br\/noticia\/wp-json\/wp\/v2\/types\/post"}],"author":[{"embeddable":true,"href":"https:\/\/migracao.redenoticia.com.br\/noticia\/wp-json\/wp\/v2\/users\/2"}],"replies":[{"embeddable":true,"href":"https:\/\/migracao.redenoticia.com.br\/noticia\/wp-json\/wp\/v2\/comments?post=66541"}],"version-history":[{"count":0,"href":"https:\/\/migracao.redenoticia.com.br\/noticia\/wp-json\/wp\/v2\/posts\/66541\/revisions"}],"wp:featuredmedia":[{"embeddable":true,"href":"https:\/\/migracao.redenoticia.com.br\/noticia\/wp-json\/wp\/v2\/media\/28409"}],"wp:attachment":[{"href":"https:\/\/migracao.redenoticia.com.br\/noticia\/wp-json\/wp\/v2\/media?parent=66541"}],"wp:term":[{"taxonomy":"category","embeddable":true,"href":"https:\/\/migracao.redenoticia.com.br\/noticia\/wp-json\/wp\/v2\/categories?post=66541"},{"taxonomy":"post_tag","embeddable":true,"href":"https:\/\/migracao.redenoticia.com.br\/noticia\/wp-json\/wp\/v2\/tags?post=66541"}],"curies":[{"name":"wp","href":"https:\/\/api.w.org\/{rel}","templated":true}]}}